{"id":2075,"date":"2015-09-02T15:40:00","date_gmt":"2015-09-02T15:40:00","guid":{"rendered":"https:\/\/saloanoticias.mrmediaweb.com\/v1\/2015\/09\/02\/vereadores-de-saloa-aplaudem-trabalho-de-medicos-cubanos\/"},"modified":"2015-09-02T15:40:00","modified_gmt":"2015-09-02T15:40:00","slug":"vereadores-de-saloa-aplaudem-trabalho-de-medicos-cubanos","status":"publish","type":"post","link":"https:\/\/www.saloanoticias.com\/v1\/vereadores-de-saloa-aplaudem-trabalho-de-medicos-cubanos\/","title":{"rendered":"VEREADORES DE SALO\u00c1\/PE DESTACARAM A ATUA\u00c7\u00c3O DOS M\u00c9DICOS CUBANOS"},"content":{"rendered":"<p align=\"justify\"><font size=\"3\" face=\"Arial\"><a href=\"http:\/\/www.saloanoticias.com\/images\/salo-notcias_a033d98f55678f03c6c2178ec723c2c0.jpg\"><img loading=\"lazy\" decoding=\"async\" title=\"Salo&aacute; Not&iacute;cias\" style=\"border-left-width: 0px; border-right-width: 0px; background-image: none; border-bottom-width: 0px; float: left; padding-top: 0px; padding-left: 0px; margin: 5px 5px 0px 0px; display: inline; padding-right: 0px; border-top-width: 0px\" border=\"0\" alt=\"Salo&aacute; Not&iacute;cias\" src=\"http:\/\/www.saloanoticias.com\/v1\/wp-content\/uploads\/imagens\/salo-notcias_thumb_d4dadafea93914b10d088a2d6fc9229d.jpg\" width=\"305\" align=\"left\" height=\"168\"><\/a>Os vereadores da cidade de Salo\u00e1 fizeram v\u00e1rios elogios aos m\u00e9dicos cubanos que atuam no munic\u00edpio. Eles estiveram na c\u00e2mara dos vereadores <\/font><font size=\"3\" face=\"Arial\">na <\/font><font size=\"3\" face=\"Arial\">reuni\u00e3o do dia 30 de agosto daq<\/font><font size=\"3\" face=\"Arial\">uele poder legislativo. Os profissionais estavam acompanhando os demais colegas da aten\u00e7\u00e3o b\u00e1sica, durante a vota\u00e7\u00e3o que aprovou a implanta\u00e7\u00e3o do incentivo financeiro aos que trabalham na aten\u00e7\u00e3o b\u00e1sica PMAQ-AB<\/font><font size=\"3\" face=\"Arial\">. O vereador Ronaldinho (PSDB), <\/font><font size=\"3\" face=\"Arial\">disse que esses m\u00e9dicos s\u00e3o considerados como anjos pela popula\u00e7\u00e3o e <\/font><font size=\"3\" face=\"Arial\">est\u00e3o sempre cuidando dos saloaenses.<\/font><\/p>\n<p align=\"justify\"><font size=\"3\" face=\"Arial\">J\u00e1 o vereador Wellington Freitas (PP) <\/font><font size=\"3\" face=\"Arial\">destacou a simpatia e profissionalismo dos doutores<\/font><font size=\"3\" face=\"Arial\">, e agradeceu a presen\u00e7a deles na c\u00e2mara naquela oportunidade. J\u00e1 o presidente Jos\u00e9 de Fran\u00e7a Leite, o Barba (PDT), <\/font><font size=\"3\" face=\"Arial\">disse que Madelaine, Yusniel e Maria ca\u00edram na gra\u00e7a do povo pela simpatia e presteza nos servi\u00e7os dispensados aos saloaenses mais carentes. <\/font><font size=\"3\" face=\"Arial\">Salo\u00e1 tem atualmente tr\u00eas <\/font><font size=\"3\" face=\"Arial\">profissionais que atendem a popula\u00e7\u00e3o da sede do munic\u00edpio, na vila de Iatec\u00e1 e no s\u00edtio Catimbau, todos atuando pelo \u201cP<\/font><font size=\"3\" face=\"Arial\">rograma Mais M\u00e9dicos\u201d <\/font><font size=\"3\" face=\"Arial\">do Governo Federal.<\/font><\/p>\n<p align=\"justify\"><font size=\"3\" face=\"Arial\">Se n\u00e3o fosse esses m\u00e9dicos, a situa\u00e7\u00e3o da sa\u00fade dos munic\u00edpios seria ca\u00f3tica, disseram os vereadores, e por isso, n\u00f3s temos que dispensar o maior respeito por eles, disse Barba.<\/font><\/p>\n<div style=\"margin-top: 0px; margin-bottom: 0px;\" class=\"sharethis-inline-share-buttons\" ><\/div>","protected":false},"excerpt":{"rendered":"<p>Os vereadores da cidade de Salo\u00e1 fizeram v\u00e1rios elogios aos m\u00e9dicos cubanos que atuam no munic\u00edpio. Eles estiveram na c\u00e2mara dos vereadores na reuni\u00e3o do dia 30 de agosto daquele poder legislativo. Os profissionais estavam acompanhando os demais colegas da aten\u00e7\u00e3o b\u00e1sica, durante a vota\u00e7\u00e3o que aprovou a implanta\u00e7\u00e3o do incentivo financeiro aos que trabalham [&hellip;]<\/p>\n","protected":false},"author":1,"featured_media":0,"comment_status":"open","ping_status":"open","sticky":false,"template":"","format":"standard","meta":{"footnotes":""},"categories":[2],"tags":[],"class_list":["post-2075","post","type-post","status-publish","format-standard","hentry","category-noticias-do-dia"],"_links":{"self":[{"href":"https:\/\/www.saloanoticias.com\/v1\/wp-json\/wp\/v2\/posts\/2075","targetHints":{"allow":["GET"]}}],"collection":[{"href":"https:\/\/www.saloanoticias.com\/v1\/wp-json\/wp\/v2\/posts"}],"about":[{"href":"https:\/\/www.saloanoticias.com\/v1\/wp-json\/wp\/v2\/types\/post"}],"author":[{"embeddable":true,"href":"https:\/\/www.saloanoticias.com\/v1\/wp-json\/wp\/v2\/users\/1"}],"replies":[{"embeddable":true,"href":"https:\/\/www.saloanoticias.com\/v1\/wp-json\/wp\/v2\/comments?post=2075"}],"version-history":[{"count":0,"href":"https:\/\/www.saloanoticias.com\/v1\/wp-json\/wp\/v2\/posts\/2075\/revisions"}],"wp:attachment":[{"href":"https:\/\/www.saloanoticias.com\/v1\/wp-json\/wp\/v2\/media?parent=2075"}],"wp:term":[{"taxonomy":"category","embeddable":true,"href":"https:\/\/www.saloanoticias.com\/v1\/wp-json\/wp\/v2\/categories?post=2075"},{"taxonomy":"post_tag","embeddable":true,"href":"https:\/\/www.saloanoticias.com\/v1\/wp-json\/wp\/v2\/tags?post=2075"}],"curies":[{"name":"wp","href":"https:\/\/api.w.org\/{rel}","templated":true}]}}