{"id":2074,"date":"2015-09-01T18:40:00","date_gmt":"2015-09-01T18:40:00","guid":{"rendered":"https:\/\/saloanoticias.mrmediaweb.com\/v1\/2015\/09\/01\/saiba-como-foi-o-aniversario-do-circulo-de-oracao-do-sao-serafim\/"},"modified":"2015-09-01T18:40:00","modified_gmt":"2015-09-01T18:40:00","slug":"saiba-como-foi-o-aniversario-do-circulo-de-oracao-do-sao-serafim","status":"publish","type":"post","link":"https:\/\/www.saloanoticias.com\/v1\/saiba-como-foi-o-aniversario-do-circulo-de-oracao-do-sao-serafim\/","title":{"rendered":"FOTOS DO 9\u00ba ANIVERS\u00c1RIO DO C\u00cdRCULO DE ORA\u00c7\u00c3O CONGREGA\u00c7\u00c3O DO S\u00c3O SERAFIM"},"content":{"rendered":"<p align=\"justify\"><font size=\"3\" face=\"Arial\"><a href=\"http:\/\/www.saloanoticias.com\/images\/crculo-de-orao-so-serafim.gif\"><img loading=\"lazy\" decoding=\"async\" title=\"C&iacute;rculo de Ora&ccedil;&atilde;o S&atilde;o Serafim\" style=\"border-left-width: 0px; border-right-width: 0px; background-image: none; border-bottom-width: 0px; float: none; padding-top: 0px; padding-left: 0px; margin: 0px auto 10px; display: block; padding-right: 0px; border-top-width: 0px\" border=\"0\" alt=\"C&iacute;rculo de Ora&ccedil;&atilde;o S&atilde;o Serafim\" src=\"http:\/\/www.saloanoticias.com\/v1\/wp-content\/uploads\/imagens\/crculo-de-orao-so-serafim_thumb.gif\" width=\"582\" height=\"386\"><\/a>Aconteceu no \u00faltimo domingo (30), as festividades alusivas ao anivers\u00e1rio do C\u00edrculo de Ora\u00e7\u00e3o da Igreja Assembleia de Deus Congrega\u00e7\u00e3o do Povoado S\u00e3o Serafim. Os cultos aconteceram nas depend\u00eancias do templo sede que fica na Rua Rold\u00e3o Ten\u00f3rio Cavalcante, n.\u00ba 100, no centro de Salo\u00e1\/PE. Durante a tarde e noite do domingo (30) mais de 1000 pessoas estiveram na igreja louvando e agradecendo a Deus por mais um ano de exist\u00eancia do referido grupo de ora\u00e7\u00e3o.<\/font><\/p>\n<p align=\"justify\"><font size=\"3\" face=\"Arial\">O grupo de senhoras que tem a dire\u00e7\u00e3o da irm\u00e3 Eva Vieira, recebeu a visita ilustre do Vocal C\u00e2ntico Celeste do Templo Central da IEADPE do Recife, que entoou seus grandes sucessos quee levou os irm\u00e3os ao \u00e1pice da adora\u00e7\u00e3o. Na ministra\u00e7\u00e3o da palavra de Deus, esteve o renomado presb\u00edtero Saulo, que \u00e9 professor e te\u00f3logo da ESTEADEB (Escola de Teologia das Assembleias de Deus no Brasil), ensinando a Igreja durante a festa. <\/font><font size=\"3\" face=\"Arial\">O c\u00edrculo de ora\u00e7\u00e3o do S\u00e3o Serafim tem a coordena\u00e7\u00e3o geral da irm\u00e3 Judithe Alves e \u00e9 supervisionado pelo pastor Ademir Barbosa da igreja local. Cr\u00e9dito das fotos do Blog Salo\u00e1 Not\u00edcias<\/font><\/p>\n<div style=\"margin-top: 0px; margin-bottom: 0px;\" class=\"sharethis-inline-share-buttons\" ><\/div>","protected":false},"excerpt":{"rendered":"<p>Aconteceu no \u00faltimo domingo (30), as festividades alusivas ao anivers\u00e1rio do C\u00edrculo de Ora\u00e7\u00e3o da Igreja Assembleia de Deus Congrega\u00e7\u00e3o do Povoado S\u00e3o Serafim. Os cultos aconteceram nas depend\u00eancias do templo sede que fica na Rua Rold\u00e3o Ten\u00f3rio Cavalcante, n.\u00ba 100, no centro de Salo\u00e1\/PE. Durante a tarde e noite do domingo (30) mais de [&hellip;]<\/p>\n","protected":false},"author":1,"featured_media":0,"comment_status":"open","ping_status":"open","sticky":false,"template":"","format":"standard","meta":{"footnotes":""},"categories":[2],"tags":[],"class_list":["post-2074","post","type-post","status-publish","format-standard","hentry","category-noticias-do-dia"],"_links":{"self":[{"href":"https:\/\/www.saloanoticias.com\/v1\/wp-json\/wp\/v2\/posts\/2074","targetHints":{"allow":["GET"]}}],"collection":[{"href":"https:\/\/www.saloanoticias.com\/v1\/wp-json\/wp\/v2\/posts"}],"about":[{"href":"https:\/\/www.saloanoticias.com\/v1\/wp-json\/wp\/v2\/types\/post"}],"author":[{"embeddable":true,"href":"https:\/\/www.saloanoticias.com\/v1\/wp-json\/wp\/v2\/users\/1"}],"replies":[{"embeddable":true,"href":"https:\/\/www.saloanoticias.com\/v1\/wp-json\/wp\/v2\/comments?post=2074"}],"version-history":[{"count":0,"href":"https:\/\/www.saloanoticias.com\/v1\/wp-json\/wp\/v2\/posts\/2074\/revisions"}],"wp:attachment":[{"href":"https:\/\/www.saloanoticias.com\/v1\/wp-json\/wp\/v2\/media?parent=2074"}],"wp:term":[{"taxonomy":"category","embeddable":true,"href":"https:\/\/www.saloanoticias.com\/v1\/wp-json\/wp\/v2\/categories?post=2074"},{"taxonomy":"post_tag","embeddable":true,"href":"https:\/\/www.saloanoticias.com\/v1\/wp-json\/wp\/v2\/tags?post=2074"}],"curies":[{"name":"wp","href":"https:\/\/api.w.org\/{rel}","templated":true}]}}