{"id":2073,"date":"2015-09-01T14:30:00","date_gmt":"2015-09-01T14:30:00","guid":{"rendered":"https:\/\/saloanoticias.mrmediaweb.com\/v1\/2015\/09\/01\/instalacao-do-gerador-do-josina-godoy-comeca-a-ser-montada\/"},"modified":"2015-09-01T14:30:00","modified_gmt":"2015-09-01T14:30:00","slug":"instalacao-do-gerador-do-josina-godoy-comeca-a-ser-montada","status":"publish","type":"post","link":"https:\/\/www.saloanoticias.com\/v1\/instalacao-do-gerador-do-josina-godoy-comeca-a-ser-montada\/","title":{"rendered":"GERADOR DO JOSINA GODOY COME\u00c7A A SER INSTALADO"},"content":{"rendered":"<p align=\"justify\"><font size=\"3\" face=\"Arial\"><a href=\"http:\/\/www.saloanoticias.com\/images\/salo-noticias_f2e3c1b71f17a419c8169536486e552e.jpg\"><img loading=\"lazy\" decoding=\"async\" title=\"Salo&aacute; Noticias\" style=\"border-left-width: 0px; border-right-width: 0px; background-image: none; border-bottom-width: 0px; float: none; padding-top: 0px; padding-left: 0px; margin: 0px auto 10px; display: block; padding-right: 0px; border-top-width: 0px\" border=\"0\" alt=\"Salo&aacute; Noticias\" src=\"http:\/\/www.saloanoticias.com\/v1\/wp-content\/uploads\/imagens\/salo-noticias_thumb_90b38503903483e389598d2e3c530c53.jpg\" width=\"505\" height=\"379\"><\/a>O Hospital Municipal de Salo\u00e1 receber\u00e1 nos pr\u00f3ximos dias um gerador de energia novinho e pronto para dar suporte durante as quedas de for\u00e7a que porventura venham a acontecer na cidade. A obra est\u00e1 acelerada e deve ser entregue \u00e0 popula\u00e7\u00e3o nos pr\u00f3ximos dias. Destacamos que o gerador j\u00e1 est\u00e1 nas depend\u00eancias do hospital, somente esperando o termino da estrutura de alvenaria que o proteger\u00e1 do sol e da chuva. Essa \u00e9 mais uma iniciativa da Prefeitura Municipal de Salo\u00e1 que sempre busca melhorias para o seu povo.<\/font><\/p>\n<p align=\"justify\"><font size=\"3\" face=\"Arial\">Segundo o prefeito de Salo\u00e1, o Hospital Josina Godoy sempre necessitou de um gerador de energia pr\u00f3prio, j\u00e1 que muitas vezes a falta de energia na cidade atrapalha os procedimentos cir\u00fargicos ou at\u00e9 mesmos partos que s\u00e3o realizados na unidade de sa\u00fade. Ele destaca ainda que houve interesse da sua gest\u00e3o em resolver este problema, e que agora, a popula\u00e7\u00e3o ter\u00e1 atendimento, mesmo em dias de blakcout. A assessoria da prefeitura informa que nos pr\u00f3ximos dias outra a\u00e7\u00e3o importante ser\u00e1 implantada no hospital, que \u00e9 a instala\u00e7\u00e3o de um aparelho de ultrassonografia novo.<\/font><\/p>\n<div style=\"margin-top: 0px; margin-bottom: 0px;\" class=\"sharethis-inline-share-buttons\" ><\/div>","protected":false},"excerpt":{"rendered":"<p>O Hospital Municipal de Salo\u00e1 receber\u00e1 nos pr\u00f3ximos dias um gerador de energia novinho e pronto para dar suporte durante as quedas de for\u00e7a que porventura venham a acontecer na cidade. A obra est\u00e1 acelerada e deve ser entregue \u00e0 popula\u00e7\u00e3o nos pr\u00f3ximos dias. Destacamos que o gerador j\u00e1 est\u00e1 nas depend\u00eancias do hospital, somente [&hellip;]<\/p>\n","protected":false},"author":1,"featured_media":0,"comment_status":"open","ping_status":"open","sticky":false,"template":"","format":"standard","meta":{"footnotes":""},"categories":[2],"tags":[],"class_list":["post-2073","post","type-post","status-publish","format-standard","hentry","category-noticias-do-dia"],"_links":{"self":[{"href":"https:\/\/www.saloanoticias.com\/v1\/wp-json\/wp\/v2\/posts\/2073","targetHints":{"allow":["GET"]}}],"collection":[{"href":"https:\/\/www.saloanoticias.com\/v1\/wp-json\/wp\/v2\/posts"}],"about":[{"href":"https:\/\/www.saloanoticias.com\/v1\/wp-json\/wp\/v2\/types\/post"}],"author":[{"embeddable":true,"href":"https:\/\/www.saloanoticias.com\/v1\/wp-json\/wp\/v2\/users\/1"}],"replies":[{"embeddable":true,"href":"https:\/\/www.saloanoticias.com\/v1\/wp-json\/wp\/v2\/comments?post=2073"}],"version-history":[{"count":0,"href":"https:\/\/www.saloanoticias.com\/v1\/wp-json\/wp\/v2\/posts\/2073\/revisions"}],"wp:attachment":[{"href":"https:\/\/www.saloanoticias.com\/v1\/wp-json\/wp\/v2\/media?parent=2073"}],"wp:term":[{"taxonomy":"category","embeddable":true,"href":"https:\/\/www.saloanoticias.com\/v1\/wp-json\/wp\/v2\/categories?post=2073"},{"taxonomy":"post_tag","embeddable":true,"href":"https:\/\/www.saloanoticias.com\/v1\/wp-json\/wp\/v2\/tags?post=2073"}],"curies":[{"name":"wp","href":"https:\/\/api.w.org\/{rel}","templated":true}]}}