{"id":2071,"date":"2015-08-31T20:44:56","date_gmt":"2015-08-31T20:44:56","guid":{"rendered":"https:\/\/saloanoticias.mrmediaweb.com\/v1\/2015\/08\/31\/procura-se-sprinter-roubada-em-saloa\/"},"modified":"2015-08-31T20:44:56","modified_gmt":"2015-08-31T20:44:56","slug":"procura-se-sprinter-roubada-em-saloa","status":"publish","type":"post","link":"https:\/\/www.saloanoticias.com\/v1\/procura-se-sprinter-roubada-em-saloa\/","title":{"rendered":"PROCURA-SE SPRINTER ROUBADA EM SALO\u00c1"},"content":{"rendered":"<p align=\"justify\"><font size=\"3\" face=\"Arial\"><a href=\"http:\/\/www.saloanoticias.com\/images\/salo-noticias_6eebd54f9785605798fbf28a36202fe8.jpg\"><img loading=\"lazy\" decoding=\"async\" title=\"Salo&aacute; Noticias\" style=\"border-top: 0px; border-right: 0px; background-image: none; border-bottom: 0px; float: left; padding-top: 0px; padding-left: 0px; margin: 5px 5px 0px 0px; border-left: 0px; display: inline; padding-right: 0px\" border=\"0\" alt=\"Salo&aacute; Noticias\" src=\"http:\/\/www.saloanoticias.com\/v1\/wp-content\/uploads\/imagens\/salo-noticias_thumb_655743c800afc641bd9587d034ad4c8a.jpg\" width=\"304\" align=\"left\" height=\"228\"><\/a>O propriet\u00e1rio da Sprinter de placa JJB 8563, ano 2002 de cor branca, Sr. Daniel Alves, pede a ajuda de todos para quem souber de alguma coisa sobre o paradeiro deste ve\u00edculo que foi furtado da porta da sua resid\u00eancia na pra\u00e7a Agamenom Magalh\u00e3es, que entre em contato imediatamente atrav\u00e9s dos fones <strong>(87) 98109-1128<\/strong> ou <strong>(87) 98104-5717<\/strong>. A van est\u00e1 com uns servi\u00e7os de massa nas laterais. O propriet\u00e1rio informa ainda que quem souber de agluma informa\u00e7\u00e3o comunique ao mesmo ou a pol\u00edcia e ser\u00e1 muito bem gratificado.<\/font><\/p>\n<p align=\"justify\"><font size=\"3\" face=\"Arial\">O carro foi furtado na madrugada deste domingo para segunda-feira (31). Com este ve\u00edculo Daniel Alves fazia o transporte alternativo de passageiros de Salo\u00e1 a Garanhuns. A qualquer momento mais informa\u00e7\u00f5es sobre o caso. Obs. Foto ilustrativa.<\/font><\/p>\n<div style=\"margin-top: 0px; margin-bottom: 0px;\" class=\"sharethis-inline-share-buttons\" ><\/div>","protected":false},"excerpt":{"rendered":"<p>O propriet\u00e1rio da Sprinter de placa JJB 8563, ano 2002 de cor branca, Sr. Daniel Alves, pede a ajuda de todos para quem souber de alguma coisa sobre o paradeiro deste ve\u00edculo que foi furtado da porta da sua resid\u00eancia na pra\u00e7a Agamenom Magalh\u00e3es, que entre em contato imediatamente atrav\u00e9s dos fones (87) 98109-1128 ou [&hellip;]<\/p>\n","protected":false},"author":1,"featured_media":0,"comment_status":"open","ping_status":"open","sticky":false,"template":"","format":"standard","meta":{"footnotes":""},"categories":[2],"tags":[],"class_list":["post-2071","post","type-post","status-publish","format-standard","hentry","category-noticias-do-dia"],"_links":{"self":[{"href":"https:\/\/www.saloanoticias.com\/v1\/wp-json\/wp\/v2\/posts\/2071","targetHints":{"allow":["GET"]}}],"collection":[{"href":"https:\/\/www.saloanoticias.com\/v1\/wp-json\/wp\/v2\/posts"}],"about":[{"href":"https:\/\/www.saloanoticias.com\/v1\/wp-json\/wp\/v2\/types\/post"}],"author":[{"embeddable":true,"href":"https:\/\/www.saloanoticias.com\/v1\/wp-json\/wp\/v2\/users\/1"}],"replies":[{"embeddable":true,"href":"https:\/\/www.saloanoticias.com\/v1\/wp-json\/wp\/v2\/comments?post=2071"}],"version-history":[{"count":0,"href":"https:\/\/www.saloanoticias.com\/v1\/wp-json\/wp\/v2\/posts\/2071\/revisions"}],"wp:attachment":[{"href":"https:\/\/www.saloanoticias.com\/v1\/wp-json\/wp\/v2\/media?parent=2071"}],"wp:term":[{"taxonomy":"category","embeddable":true,"href":"https:\/\/www.saloanoticias.com\/v1\/wp-json\/wp\/v2\/categories?post=2071"},{"taxonomy":"post_tag","embeddable":true,"href":"https:\/\/www.saloanoticias.com\/v1\/wp-json\/wp\/v2\/tags?post=2071"}],"curies":[{"name":"wp","href":"https:\/\/api.w.org\/{rel}","templated":true}]}}