{"id":2068,"date":"2015-08-31T01:02:25","date_gmt":"2015-08-31T01:02:25","guid":{"rendered":"https:\/\/saloanoticias.mrmediaweb.com\/v1\/2015\/08\/31\/acidente-deixa-um-morto-em-paranatama\/"},"modified":"2015-08-31T01:02:25","modified_gmt":"2015-08-31T01:02:25","slug":"acidente-deixa-um-morto-em-paranatama","status":"publish","type":"post","link":"https:\/\/www.saloanoticias.com\/v1\/acidente-deixa-um-morto-em-paranatama\/","title":{"rendered":"ACIDENTE DEIXA UM MORTO NA ESTRADA QUE LIGA PARANATAMA A GARANHUNS\/PE"},"content":{"rendered":"<p align=\"justify\"><font size=\"3\" face=\"Arial\">Um grave acidente na noite deste s\u00e1bado deixou um homem morto na rodovia BR-423, KM 102, entre os munic\u00edpios de Garanhuns e Paranatama. A v\u00edtima fatal identificada como Severino Cordeiro Leite, 48 anos, que conduzia um ve\u00edculo modelo Ford Escort de placas KHJ-7100, segundo informa\u00e7\u00f5es da Pol\u00edcia Civil ele teria invadido a contram\u00e3o e colidido de frente com um caminh\u00e3o de placas EJW-9393, a v\u00edtima chegou a ficar presa as ferragens sendo necess\u00e1ria a presen\u00e7a do Corpo de Bombeiros que retirou a v\u00edtima das ferragens. <\/font> <\/p>\n<p align=\"justify\"><font size=\"3\" face=\"Arial\">Severino Cordeiro chegou a ser levado com vida por uma unidade do Servi\u00e7o de Atendimento M\u00f3vel de Urg\u00eancia (SAMU), para o Hospital Regional Dom Moura onde veio a \u00f3bito ao receber os primeiros socorros. <\/font><font size=\"3\" face=\"Arial\">O condutor do caminh\u00e3o esteve no local at\u00e9 a chegada da Pol\u00edcia Rodovi\u00e1ria Federal onde prestou esclarecimentos, do necrot\u00e9rio do Hospital Dom Moura o corpo foi encaminhado ao IML de Caruaru.<\/font><\/p>\n<div style=\"margin-top: 0px; margin-bottom: 0px;\" class=\"sharethis-inline-share-buttons\" ><\/div>","protected":false},"excerpt":{"rendered":"<p>Um grave acidente na noite deste s\u00e1bado deixou um homem morto na rodovia BR-423, KM 102, entre os munic\u00edpios de Garanhuns e Paranatama. A v\u00edtima fatal identificada como Severino Cordeiro Leite, 48 anos, que conduzia um ve\u00edculo modelo Ford Escort de placas KHJ-7100, segundo informa\u00e7\u00f5es da Pol\u00edcia Civil ele teria invadido a contram\u00e3o e colidido [&hellip;]<\/p>\n","protected":false},"author":1,"featured_media":0,"comment_status":"open","ping_status":"open","sticky":false,"template":"","format":"standard","meta":{"footnotes":""},"categories":[2],"tags":[],"class_list":["post-2068","post","type-post","status-publish","format-standard","hentry","category-noticias-do-dia"],"_links":{"self":[{"href":"https:\/\/www.saloanoticias.com\/v1\/wp-json\/wp\/v2\/posts\/2068","targetHints":{"allow":["GET"]}}],"collection":[{"href":"https:\/\/www.saloanoticias.com\/v1\/wp-json\/wp\/v2\/posts"}],"about":[{"href":"https:\/\/www.saloanoticias.com\/v1\/wp-json\/wp\/v2\/types\/post"}],"author":[{"embeddable":true,"href":"https:\/\/www.saloanoticias.com\/v1\/wp-json\/wp\/v2\/users\/1"}],"replies":[{"embeddable":true,"href":"https:\/\/www.saloanoticias.com\/v1\/wp-json\/wp\/v2\/comments?post=2068"}],"version-history":[{"count":0,"href":"https:\/\/www.saloanoticias.com\/v1\/wp-json\/wp\/v2\/posts\/2068\/revisions"}],"wp:attachment":[{"href":"https:\/\/www.saloanoticias.com\/v1\/wp-json\/wp\/v2\/media?parent=2068"}],"wp:term":[{"taxonomy":"category","embeddable":true,"href":"https:\/\/www.saloanoticias.com\/v1\/wp-json\/wp\/v2\/categories?post=2068"},{"taxonomy":"post_tag","embeddable":true,"href":"https:\/\/www.saloanoticias.com\/v1\/wp-json\/wp\/v2\/tags?post=2068"}],"curies":[{"name":"wp","href":"https:\/\/api.w.org\/{rel}","templated":true}]}}