{"id":2067,"date":"2015-08-30T15:44:44","date_gmt":"2015-08-30T15:44:44","guid":{"rendered":"https:\/\/saloanoticias.mrmediaweb.com\/v1\/2015\/08\/30\/festa-do-circulo-de-oracao-do-povoado-sao-serafim\/"},"modified":"2015-08-30T15:44:44","modified_gmt":"2015-08-30T15:44:44","slug":"festa-do-circulo-de-oracao-do-povoado-sao-serafim","status":"publish","type":"post","link":"https:\/\/www.saloanoticias.com\/v1\/festa-do-circulo-de-oracao-do-povoado-sao-serafim\/","title":{"rendered":"ASSEMBLEIA DE DEUS DO POVOADO S\u00c3O SERAFIM EST\u00c1 EM FESTA NESTE DOMINGO"},"content":{"rendered":"<p align=\"justify\"><font size=\"3\" face=\"Arial\"><a href=\"http:\/\/www.saloanoticias.com\/images\/dsc_0657.jpg\"><img loading=\"lazy\" decoding=\"async\" title=\"DSC_0657\" style=\"border-top: 0px; border-right: 0px; background-image: none; border-bottom: 0px; float: none; padding-top: 0px; padding-left: 0px; margin: 0px auto 10px; border-left: 0px; display: block; padding-right: 0px\" border=\"0\" alt=\"DSC_0657\" src=\"http:\/\/www.saloanoticias.com\/v1\/wp-content\/uploads\/imagens\/dsc_0657_thumb.jpg\" width=\"600\" height=\"398\"><\/a>Acontece logo mais a partir das 14:00 horas na sede da Igreja Evang\u00e9lica Assembleia de Deus em Salo\u00e1\/PE, a festa de anivers\u00e1rio do c\u00edrculo de ora\u00e7\u00e3o da congrega\u00e7\u00e3o do povoado S\u00e3o Serafim. O evento se estender\u00e1 at\u00e9 a noite, quando haver\u00e1 o grande culto de encerramento com a presen\u00e7a de pregador e cantores especialmente convidados. Ser\u00e3o momentos de muita adora\u00e7\u00e3o e agradecimento a Deus por mais um ano de muitas vit\u00f3rias. O grupo de ora\u00e7\u00e3o do S\u00e3o Serafim tem a dire\u00e7\u00e3o da irm\u00e3 Eva Vieira, e a coordena\u00e7\u00e3o local do pastor Ademir Barbosa.<\/font><\/p>\n<p align=\"justify\"><font size=\"3\" face=\"Arial\">As informa\u00e7\u00f5es que temos d\u00e3o conta de que v\u00e1rias comiss\u00f5es vindas de outras localidades estar\u00e3o presentes tamb\u00e9m. Ore, Divulgue e <\/font><font size=\"3\" face=\"Arial\">Participe, pois, Deus tem uma palavra ao seu cora\u00e7\u00e3o. Lembramos que o culto da noite come\u00e7a \u00e0s 19:00 horas. Lembramos que o evento ter\u00e1 a cobertura do blog Salo\u00e1 Not\u00edcias.<\/font><\/p>\n<div style=\"margin-top: 0px; margin-bottom: 0px;\" class=\"sharethis-inline-share-buttons\" ><\/div>","protected":false},"excerpt":{"rendered":"<p>Acontece logo mais a partir das 14:00 horas na sede da Igreja Evang\u00e9lica Assembleia de Deus em Salo\u00e1\/PE, a festa de anivers\u00e1rio do c\u00edrculo de ora\u00e7\u00e3o da congrega\u00e7\u00e3o do povoado S\u00e3o Serafim. O evento se estender\u00e1 at\u00e9 a noite, quando haver\u00e1 o grande culto de encerramento com a presen\u00e7a de pregador e cantores especialmente convidados. [&hellip;]<\/p>\n","protected":false},"author":1,"featured_media":0,"comment_status":"open","ping_status":"open","sticky":false,"template":"","format":"standard","meta":{"footnotes":""},"categories":[2],"tags":[],"class_list":["post-2067","post","type-post","status-publish","format-standard","hentry","category-noticias-do-dia"],"_links":{"self":[{"href":"https:\/\/www.saloanoticias.com\/v1\/wp-json\/wp\/v2\/posts\/2067","targetHints":{"allow":["GET"]}}],"collection":[{"href":"https:\/\/www.saloanoticias.com\/v1\/wp-json\/wp\/v2\/posts"}],"about":[{"href":"https:\/\/www.saloanoticias.com\/v1\/wp-json\/wp\/v2\/types\/post"}],"author":[{"embeddable":true,"href":"https:\/\/www.saloanoticias.com\/v1\/wp-json\/wp\/v2\/users\/1"}],"replies":[{"embeddable":true,"href":"https:\/\/www.saloanoticias.com\/v1\/wp-json\/wp\/v2\/comments?post=2067"}],"version-history":[{"count":0,"href":"https:\/\/www.saloanoticias.com\/v1\/wp-json\/wp\/v2\/posts\/2067\/revisions"}],"wp:attachment":[{"href":"https:\/\/www.saloanoticias.com\/v1\/wp-json\/wp\/v2\/media?parent=2067"}],"wp:term":[{"taxonomy":"category","embeddable":true,"href":"https:\/\/www.saloanoticias.com\/v1\/wp-json\/wp\/v2\/categories?post=2067"},{"taxonomy":"post_tag","embeddable":true,"href":"https:\/\/www.saloanoticias.com\/v1\/wp-json\/wp\/v2\/tags?post=2067"}],"curies":[{"name":"wp","href":"https:\/\/api.w.org\/{rel}","templated":true}]}}