{"id":2065,"date":"2015-08-28T21:11:43","date_gmt":"2015-08-28T21:11:43","guid":{"rendered":"https:\/\/saloanoticias.mrmediaweb.com\/v1\/2015\/08\/28\/ricardo-e-vereadores-da-base-aliada-recebem-danilo-cabral-em-saloa\/"},"modified":"2015-08-28T21:11:43","modified_gmt":"2015-08-28T21:11:43","slug":"ricardo-e-vereadores-da-base-aliada-recebem-danilo-cabral-em-saloa","status":"publish","type":"post","link":"https:\/\/www.saloanoticias.com\/v1\/ricardo-e-vereadores-da-base-aliada-recebem-danilo-cabral-em-saloa\/","title":{"rendered":"RICARDO E VEREADORES DA BASE ALIADA RECEBEM DANILO CABRAL EM SALO\u00c1"},"content":{"rendered":"<p align=\"justify\"><font size=\"3\" face=\"Arial\"><a href=\"http:\/\/www.saloanoticias.com\/images\/11903864_890239657708269_6025400817600342403_n_861f212d80bfad2c7527812aaba5e94d.jpg\"><img loading=\"lazy\" decoding=\"async\" title=\"11903864_890239657708269_6025400817600342403_n\" style=\"border-top: 0px; border-right: 0px; background-image: none; border-bottom: 0px; float: none; padding-top: 0px; padding-left: 0px; margin: 0px auto 10px; border-left: 0px; display: block; padding-right: 0px\" border=\"0\" alt=\"11903864_890239657708269_6025400817600342403_n\" src=\"http:\/\/www.saloanoticias.com\/v1\/wp-content\/uploads\/imagens\/11903864_890239657708269_6025400817600342403_n_thumb_82164bca88acef90fe5a5a343e6a1802.jpg\" width=\"612\" height=\"408\"><\/a>O prefeito Ricardo Alves (PMDB), ao lado dos vereadores que fazem parte da base aliada do governo, recebeu em sua resid\u00eancia, o secret\u00e1rio de gest\u00e3o e planejamento do estado de Pernambuco (SEPLAG), Danilo Cabral (PSB), na tarde desta sexta-feira (28). O secret\u00e1rio veio visitar o munic\u00edpio e reencontrar os seus correligion\u00e1rios. Estavam presentes os vereadores Barba (PDT), Izenilda Brand\u00e3o (PSDB), Ferreirinha (PSB), Tisley Vicente (PRB), Ronaldinho (PSDB) e Ivan do Co\u00eama (PSDB), al\u00e9m de secret\u00e1rios, diretores e representantes de v\u00e1rios setores da sociedade.<\/font><\/p>\n<p align=\"justify\"><a href=\"http:\/\/www.saloanoticias.com\/images\/11933482_890234597708775_6011309679902608965_n_809de998e5fe5fd95a7d0a7484405fd4.jpg\"><img loading=\"lazy\" decoding=\"async\" title=\"11933482_890234597708775_6011309679902608965_n\" style=\"border-top: 0px; border-right: 0px; background-image: none; border-bottom: 0px; float: none; padding-top: 0px; padding-left: 0px; margin-left: auto; border-left: 0px; display: block; padding-right: 0px; margin-right: auto\" border=\"0\" alt=\"11933482_890234597708775_6011309679902608965_n\" src=\"http:\/\/www.saloanoticias.com\/v1\/wp-content\/uploads\/imagens\/11933482_890234597708775_6011309679902608965_n_thumb_a7574f5ba12d7d2c97f9e4d3224eabe3.jpg\" width=\"610\" height=\"407\"><\/a><\/p>\n<p align=\"justify\"><font size=\"3\" face=\"Arial\">Mais de 200 pol\u00edticos do munic\u00edpio tamb\u00e9m participaram do encontro na casa do prefeito, al\u00e9m de v\u00e1rios empres\u00e1rios e demais pessoas do povo. O prefeito se disse bastante satisfeito com a presen\u00e7a de Danilo Cabral e dos seus correligion\u00e1rios. \u201cDanilo \u00e9 um verdadeiro amigo de Salo\u00e1, e sempre est\u00e1 em contato com o nosso povo\u201d, disse o prefeito. Como sempre acontece na casa de Ricardo, foi servida muita comida e bebida para todas as pessoas que estavam presentes na recep\u00e7\u00e3o.<\/font><\/p>\n<p align=\"justify\"><a href=\"http:\/\/www.saloanoticias.com\/images\/11220929_482436881916567_7277179291783460560_n.jpg\"><img loading=\"lazy\" decoding=\"async\" title=\"11220929_482436881916567_7277179291783460560_n\" style=\"border-top: 0px; border-right: 0px; background-image: none; border-bottom: 0px; float: none; padding-top: 0px; padding-left: 0px; margin-left: auto; border-left: 0px; display: block; padding-right: 0px; margin-right: auto\" border=\"0\" alt=\"11220929_482436881916567_7277179291783460560_n\" src=\"http:\/\/www.saloanoticias.com\/v1\/wp-content\/uploads\/imagens\/11220929_482436881916567_7277179291783460560_n_thumb.jpg\" width=\"609\" height=\"406\"><\/a><\/p>\n<p align=\"justify\"><font size=\"3\" face=\"Arial\">Com um carisma sem igual, o deputado federal abra\u00e7ou e cumprimentou a todos, e com seu permanente sorriso no rosto, disse que voltaria ao munic\u00edpio nos pr\u00f3ximos dias para trazer muitas novidades para a popula\u00e7\u00e3o. Atualmente, Danilo serve ao povo como secret\u00e1rio de estado, mas, foi eleito deputado federal com mais de 100.000 votos, inclusive, sendo majorit\u00e1rio em Salo\u00e1\/PE.<\/font><\/p>\n<p align=\"justify\"><font size=\"3\" face=\"Arial\"><a href=\"http:\/\/www.saloanoticias.com\/images\/1779681_482436278583294_556441142890444162_n.jpg\"><img loading=\"lazy\" decoding=\"async\" title=\"1779681_482436278583294_556441142890444162_n\" style=\"border-top: 0px; border-right: 0px; background-image: none; border-bottom: 0px; float: none; padding-top: 0px; padding-left: 0px; margin-left: auto; border-left: 0px; display: block; padding-right: 0px; margin-right: auto\" border=\"0\" alt=\"1779681_482436278583294_556441142890444162_n\" src=\"http:\/\/www.saloanoticias.com\/v1\/wp-content\/uploads\/imagens\/1779681_482436278583294_556441142890444162_n_thumb.jpg\" width=\"614\" height=\"409\"><\/a><\/font><\/p>\n<p align=\"justify\"><font size=\"3\" face=\"Arial\"><a href=\"http:\/\/www.saloanoticias.com\/images\/11954845_482436955249893_4014887633991528424_n.jpg\"><img loading=\"lazy\" decoding=\"async\" title=\"11954845_482436955249893_4014887633991528424_n\" style=\"border-top: 0px; border-right: 0px; background-image: none; border-bottom: 0px; float: none; padding-top: 0px; padding-left: 0px; margin-left: auto; border-left: 0px; display: block; padding-right: 0px; margin-right: auto\" border=\"0\" alt=\"11954845_482436955249893_4014887633991528424_n\" src=\"http:\/\/www.saloanoticias.com\/v1\/wp-content\/uploads\/imagens\/11954845_482436955249893_4014887633991528424_n_thumb.jpg\" width=\"614\" height=\"409\"><\/a><\/font><\/p>\n<p align=\"justify\"><font size=\"3\" face=\"Arial\"><a href=\"http:\/\/www.saloanoticias.com\/images\/11903932_482436138583308_5825284190224449486_n.jpg\"><img loading=\"lazy\" decoding=\"async\" title=\"11903932_482436138583308_5825284190224449486_n\" style=\"border-top: 0px; border-right: 0px; background-image: none; border-bottom: 0px; float: none; padding-top: 0px; padding-left: 0px; margin-left: auto; border-left: 0px; display: block; padding-right: 0px; margin-right: auto\" border=\"0\" alt=\"11903932_482436138583308_5825284190224449486_n\" src=\"http:\/\/www.saloanoticias.com\/v1\/wp-content\/uploads\/imagens\/11903932_482436138583308_5825284190224449486_n_thumb.jpg\" width=\"615\" height=\"410\"><\/a><\/font><\/p>\n<p align=\"justify\"><font size=\"3\" face=\"Arial\"><a href=\"http:\/\/www.saloanoticias.com\/images\/11895952_482436988583223_644058222388830765_n.jpg\"><img loading=\"lazy\" decoding=\"async\" title=\"11895952_482436988583223_644058222388830765_n\" style=\"border-top: 0px; border-right: 0px; background-image: none; border-bottom: 0px; float: none; padding-top: 0px; padding-left: 0px; margin-left: auto; border-left: 0px; display: block; padding-right: 0px; margin-right: auto\" border=\"0\" alt=\"11895952_482436988583223_644058222388830765_n\" src=\"http:\/\/www.saloanoticias.com\/v1\/wp-content\/uploads\/imagens\/11895952_482436988583223_644058222388830765_n_thumb.jpg\" width=\"616\" height=\"411\"><\/a><\/font><\/p>\n<p align=\"justify\"><font size=\"3\" face=\"Arial\"><a href=\"http:\/\/www.saloanoticias.com\/images\/11891034_482436698583252_8615560045086867071_n.jpg\"><img loading=\"lazy\" decoding=\"async\" title=\"11891034_482436698583252_8615560045086867071_n\" style=\"border-top: 0px; border-right: 0px; background-image: none; border-bottom: 0px; float: none; padding-top: 0px; padding-left: 0px; margin-left: auto; border-left: 0px; display: block; padding-right: 0px; margin-right: auto\" border=\"0\" alt=\"11891034_482436698583252_8615560045086867071_n\" src=\"http:\/\/www.saloanoticias.com\/v1\/wp-content\/uploads\/imagens\/11891034_482436698583252_8615560045086867071_n_thumb.jpg\" width=\"614\" height=\"630\"><\/a><\/font><\/p>\n<div style=\"margin-top: 0px; margin-bottom: 0px;\" class=\"sharethis-inline-share-buttons\" ><\/div>","protected":false},"excerpt":{"rendered":"<p>O prefeito Ricardo Alves (PMDB), ao lado dos vereadores que fazem parte da base aliada do governo, recebeu em sua resid\u00eancia, o secret\u00e1rio de gest\u00e3o e planejamento do estado de Pernambuco (SEPLAG), Danilo Cabral (PSB), na tarde desta sexta-feira (28). O secret\u00e1rio veio visitar o munic\u00edpio e reencontrar os seus correligion\u00e1rios. Estavam presentes os vereadores [&hellip;]<\/p>\n","protected":false},"author":1,"featured_media":0,"comment_status":"open","ping_status":"open","sticky":false,"template":"","format":"standard","meta":{"footnotes":""},"categories":[2],"tags":[],"class_list":["post-2065","post","type-post","status-publish","format-standard","hentry","category-noticias-do-dia"],"_links":{"self":[{"href":"https:\/\/www.saloanoticias.com\/v1\/wp-json\/wp\/v2\/posts\/2065","targetHints":{"allow":["GET"]}}],"collection":[{"href":"https:\/\/www.saloanoticias.com\/v1\/wp-json\/wp\/v2\/posts"}],"about":[{"href":"https:\/\/www.saloanoticias.com\/v1\/wp-json\/wp\/v2\/types\/post"}],"author":[{"embeddable":true,"href":"https:\/\/www.saloanoticias.com\/v1\/wp-json\/wp\/v2\/users\/1"}],"replies":[{"embeddable":true,"href":"https:\/\/www.saloanoticias.com\/v1\/wp-json\/wp\/v2\/comments?post=2065"}],"version-history":[{"count":0,"href":"https:\/\/www.saloanoticias.com\/v1\/wp-json\/wp\/v2\/posts\/2065\/revisions"}],"wp:attachment":[{"href":"https:\/\/www.saloanoticias.com\/v1\/wp-json\/wp\/v2\/media?parent=2065"}],"wp:term":[{"taxonomy":"category","embeddable":true,"href":"https:\/\/www.saloanoticias.com\/v1\/wp-json\/wp\/v2\/categories?post=2065"},{"taxonomy":"post_tag","embeddable":true,"href":"https:\/\/www.saloanoticias.com\/v1\/wp-json\/wp\/v2\/tags?post=2065"}],"curies":[{"name":"wp","href":"https:\/\/api.w.org\/{rel}","templated":true}]}}