{"id":2064,"date":"2015-08-27T17:00:00","date_gmt":"2015-08-27T17:00:00","guid":{"rendered":"https:\/\/saloanoticias.mrmediaweb.com\/v1\/2015\/08\/27\/secretario-danilo-cabral-estara-em-saloa-nesta-sexta-feira-28\/"},"modified":"2015-08-27T17:00:00","modified_gmt":"2015-08-27T17:00:00","slug":"secretario-danilo-cabral-estara-em-saloa-nesta-sexta-feira-28","status":"publish","type":"post","link":"https:\/\/www.saloanoticias.com\/v1\/secretario-danilo-cabral-estara-em-saloa-nesta-sexta-feira-28\/","title":{"rendered":"SECRET\u00c1RIO DANILO CABRAL ESTAR\u00c1 EM SALO\u00c1 NESTA SEXTA-FEIRA (28)"},"content":{"rendered":"<p align=\"justify\"><font size=\"3\" face=\"Arial\"><a href=\"http:\/\/www.saloanoticias.com\/images\/damilo-cabral3.jpg\"><img loading=\"lazy\" decoding=\"async\" title=\"Damilo Cabral3\" style=\"border-top: 0px; border-right: 0px; background-image: none; border-bottom: 0px; float: none; padding-top: 0px; padding-left: 0px; margin: 0px auto 10px; border-left: 0px; display: block; padding-right: 0px\" border=\"0\" alt=\"Damilo Cabral3\" src=\"http:\/\/www.saloanoticias.com\/v1\/wp-content\/uploads\/imagens\/damilo-cabral3_thumb.jpg\" width=\"546\" height=\"362\"><\/a>O Secret\u00e1rio de Planejamento e Gest\u00e3o do Governo de Pernambuco, Danilo Cabral (PSDB), estar\u00e1 na cidade de Salo\u00e1\/PE, na tarde desta sexta-feira (28). O encontro ser\u00e1 na casa do prefeito Ricardo Alves (PMDB) e contar\u00e1 com a presen\u00e7a dos vereadores da base aliada do governo municipal, secret\u00e1rios, al\u00e9m de prefeitos e lideran\u00e7as pol\u00edticas da regi\u00e3o. Segundo os assessores de Ricardo Alves, Danilo vem, al\u00e9m de visitar o munic\u00edpio, anunciar novas obras estruturantes para os saloaenses.<\/font><\/p>\n<p align=\"justify\"><font size=\"3\" face=\"Arial\">Danilo Cabral, al\u00e9m de secret\u00e1rio de estado \u00e9 deputado federal e foi o mais votado nas \u00faltimas elei\u00e7\u00f5es em Salo\u00e1, e constantemente est\u00e1 no munic\u00edpio trazendo benef\u00edcios para a popula\u00e7\u00e3o local, e \u00e9 um aliado de primeira hora do prefeito Ricardo. O Blog Salo\u00e1 Not\u00edcias far\u00e1 a cobertura completa da visita do secret\u00e1rio.<\/font><\/p>\n<div style=\"margin-top: 0px; margin-bottom: 0px;\" class=\"sharethis-inline-share-buttons\" ><\/div>","protected":false},"excerpt":{"rendered":"<p>O Secret\u00e1rio de Planejamento e Gest\u00e3o do Governo de Pernambuco, Danilo Cabral (PSDB), estar\u00e1 na cidade de Salo\u00e1\/PE, na tarde desta sexta-feira (28). O encontro ser\u00e1 na casa do prefeito Ricardo Alves (PMDB) e contar\u00e1 com a presen\u00e7a dos vereadores da base aliada do governo municipal, secret\u00e1rios, al\u00e9m de prefeitos e lideran\u00e7as pol\u00edticas da regi\u00e3o. [&hellip;]<\/p>\n","protected":false},"author":1,"featured_media":0,"comment_status":"open","ping_status":"open","sticky":false,"template":"","format":"standard","meta":{"footnotes":""},"categories":[2],"tags":[],"class_list":["post-2064","post","type-post","status-publish","format-standard","hentry","category-noticias-do-dia"],"_links":{"self":[{"href":"https:\/\/www.saloanoticias.com\/v1\/wp-json\/wp\/v2\/posts\/2064","targetHints":{"allow":["GET"]}}],"collection":[{"href":"https:\/\/www.saloanoticias.com\/v1\/wp-json\/wp\/v2\/posts"}],"about":[{"href":"https:\/\/www.saloanoticias.com\/v1\/wp-json\/wp\/v2\/types\/post"}],"author":[{"embeddable":true,"href":"https:\/\/www.saloanoticias.com\/v1\/wp-json\/wp\/v2\/users\/1"}],"replies":[{"embeddable":true,"href":"https:\/\/www.saloanoticias.com\/v1\/wp-json\/wp\/v2\/comments?post=2064"}],"version-history":[{"count":0,"href":"https:\/\/www.saloanoticias.com\/v1\/wp-json\/wp\/v2\/posts\/2064\/revisions"}],"wp:attachment":[{"href":"https:\/\/www.saloanoticias.com\/v1\/wp-json\/wp\/v2\/media?parent=2064"}],"wp:term":[{"taxonomy":"category","embeddable":true,"href":"https:\/\/www.saloanoticias.com\/v1\/wp-json\/wp\/v2\/categories?post=2064"},{"taxonomy":"post_tag","embeddable":true,"href":"https:\/\/www.saloanoticias.com\/v1\/wp-json\/wp\/v2\/tags?post=2064"}],"curies":[{"name":"wp","href":"https:\/\/api.w.org\/{rel}","templated":true}]}}