{"id":2063,"date":"2015-08-27T14:30:00","date_gmt":"2015-08-27T14:30:00","guid":{"rendered":"https:\/\/saloanoticias.mrmediaweb.com\/v1\/2015\/08\/27\/operacao-hermes-e-realizada-em-pernambuco-e-alagoas\/"},"modified":"2015-08-27T14:30:00","modified_gmt":"2015-08-27T14:30:00","slug":"operacao-hermes-e-realizada-em-pernambuco-e-alagoas","status":"publish","type":"post","link":"https:\/\/www.saloanoticias.com\/v1\/operacao-hermes-e-realizada-em-pernambuco-e-alagoas\/","title":{"rendered":"OPERA\u00c7\u00c3O HERMES PRENDEU DEZENAS DE PESSOAS EM PERNAMBUCO E ALAGOAS"},"content":{"rendered":"<p align=\"justify\"><font size=\"3\" face=\"Arial\"><a href=\"http:\/\/www.saloanoticias.com\/images\/salo-noticias_d288609a26deb4c1ff048a30d0f52960.jpg\"><img loading=\"lazy\" decoding=\"async\" title=\"Salo&aacute; Noticias\" style=\"border-top: 0px; border-right: 0px; background-image: none; border-bottom: 0px; float: none; padding-top: 0px; padding-left: 0px; margin: 0px auto 10px; border-left: 0px; display: block; padding-right: 0px\" border=\"0\" alt=\"Salo&aacute; Noticias\" src=\"http:\/\/www.saloanoticias.com\/v1\/wp-content\/uploads\/imagens\/salo-noticias_thumb_82b87590cc0ef2f620668a85fa9b8a27.jpg\" width=\"562\" height=\"307\"><\/a>Vinte e uma pessoas foram presas na manh\u00e3 desta quarta-feira (26), acusadas de integrar uma organiza\u00e7\u00e3o criminosa que agia praticando assaltos em diversos munic\u00edpios nos estados de Alagoas e Pernambuco. O principal alvo da quadrilha eram comerciantes que compram e vendem confec\u00e7\u00f5es e que negociam gado. Armas, muni\u00e7\u00f5es, drogas e ve\u00edculos roubados foram apreendidos com os criminosos. <\/font><font size=\"3\" face=\"Arial\">Cerca de 250 policiais rodovi\u00e1rios federais, militares e civis dos dois estados, al\u00e9m do Grupo Estadual de Combate \u00e0s Organiza\u00e7\u00f5es Criminosas (GECOC) do Minist\u00e9rio P\u00fablico (MP\/AL) participaram do cumprimento de mandados de pris\u00e3o e de busca e apreens\u00e3o.<\/font><\/p>\n<p align=\"justify\"><a href=\"http:\/\/www.saloanoticias.com\/images\/11143125_1460442454259314_1409873788923703339_n.jpg\"><img loading=\"lazy\" decoding=\"async\" title=\"11143125_1460442454259314_1409873788923703339_n\" style=\"border-top: 0px; border-right: 0px; background-image: none; border-bottom: 0px; float: none; padding-top: 0px; padding-left: 0px; margin-left: auto; border-left: 0px; display: block; padding-right: 0px; margin-right: auto\" border=\"0\" alt=\"11143125_1460442454259314_1409873788923703339_n\" src=\"http:\/\/www.saloanoticias.com\/v1\/wp-content\/uploads\/imagens\/11143125_1460442454259314_1409873788923703339_n_thumb.jpg\" width=\"559\" height=\"312\"><\/a><\/p>\n<p align=\"justify\"><font size=\"3\" face=\"Arial\">A a\u00e7\u00e3o integrada ainda envolveu as Secretarias de Defesa Social e de Ressocializa\u00e7\u00e3o dos dois estados, al\u00e9m dos Minist\u00e9rios P\u00fablicos estaduais e da 17\u00aa Vara Criminal de Alagoas. As ordens judiciais foram cumpridas nas cidades de Garanhuns, Lajedo, Agrestina, Jurema, Panelas e Caruaru, em Pernambuco, e tamb\u00e9m em Macei\u00f3 e Uni\u00e3o dos Palmares, em Alagoas. <\/font><font size=\"3\" face=\"Arial\">A quadrilha presa \u00e9 considerada muito perigosa devido a quantidade de pessoas envolvidas e ousadia na pr\u00e1tica de seus crimes.<\/font><\/p>\n<p align=\"justify\"><font size=\"3\" face=\"Arial\">Estima-se que nos \u00faltimos quatro meses os produtos roubados j\u00e1 ultrapassam a quantia de R$ 1 milh\u00e3o. At\u00e9 o momento a Opera\u00e7\u00e3o Hermes contabiliza 14 armas de fogo apreendidas, 21 quilos de maconha, e 640 gramas de crack al\u00e9m de v\u00e1rios celulares e outros produtos apreendidos. <\/font><font size=\"3\" face=\"Arial\">Ainda em Lajedo\/PE, uma equipe do GATI do 9\u00ba BPM de Garanhuns apreendeu um rev\u00f3lver, v\u00e1rias muni\u00e7\u00f5es calibres 38 e 12, uma espingarda calibre 20, um r\u00e1dio transmissor, que na hora da apreens\u00e3o operava na frequ\u00eancia do 4\u00ba BPM de Caruaru e v\u00e1rios outros objetos.<\/font><\/p>\n<p align=\"justify\"><font size=\"3\" face=\"Arial\">Dois homens foram detido e levado a Delegacia Regional de Garanhuns. Fonte: Blog Agreste Violento<\/font><\/p>\n<div style=\"margin-top: 0px; margin-bottom: 0px;\" class=\"sharethis-inline-share-buttons\" ><\/div>","protected":false},"excerpt":{"rendered":"<p>Vinte e uma pessoas foram presas na manh\u00e3 desta quarta-feira (26), acusadas de integrar uma organiza\u00e7\u00e3o criminosa que agia praticando assaltos em diversos munic\u00edpios nos estados de Alagoas e Pernambuco. O principal alvo da quadrilha eram comerciantes que compram e vendem confec\u00e7\u00f5es e que negociam gado. Armas, muni\u00e7\u00f5es, drogas e ve\u00edculos roubados foram apreendidos com [&hellip;]<\/p>\n","protected":false},"author":1,"featured_media":0,"comment_status":"open","ping_status":"open","sticky":false,"template":"","format":"standard","meta":{"footnotes":""},"categories":[2],"tags":[],"class_list":["post-2063","post","type-post","status-publish","format-standard","hentry","category-noticias-do-dia"],"_links":{"self":[{"href":"https:\/\/www.saloanoticias.com\/v1\/wp-json\/wp\/v2\/posts\/2063","targetHints":{"allow":["GET"]}}],"collection":[{"href":"https:\/\/www.saloanoticias.com\/v1\/wp-json\/wp\/v2\/posts"}],"about":[{"href":"https:\/\/www.saloanoticias.com\/v1\/wp-json\/wp\/v2\/types\/post"}],"author":[{"embeddable":true,"href":"https:\/\/www.saloanoticias.com\/v1\/wp-json\/wp\/v2\/users\/1"}],"replies":[{"embeddable":true,"href":"https:\/\/www.saloanoticias.com\/v1\/wp-json\/wp\/v2\/comments?post=2063"}],"version-history":[{"count":0,"href":"https:\/\/www.saloanoticias.com\/v1\/wp-json\/wp\/v2\/posts\/2063\/revisions"}],"wp:attachment":[{"href":"https:\/\/www.saloanoticias.com\/v1\/wp-json\/wp\/v2\/media?parent=2063"}],"wp:term":[{"taxonomy":"category","embeddable":true,"href":"https:\/\/www.saloanoticias.com\/v1\/wp-json\/wp\/v2\/categories?post=2063"},{"taxonomy":"post_tag","embeddable":true,"href":"https:\/\/www.saloanoticias.com\/v1\/wp-json\/wp\/v2\/tags?post=2063"}],"curies":[{"name":"wp","href":"https:\/\/api.w.org\/{rel}","templated":true}]}}