{"id":2062,"date":"2015-08-27T11:53:30","date_gmt":"2015-08-27T11:53:30","guid":{"rendered":"https:\/\/saloanoticias.mrmediaweb.com\/v1\/2015\/08\/27\/ferreirinha-lamenta-morte-da-sobrinha-pelas-redes-sociais\/"},"modified":"2015-08-27T11:53:30","modified_gmt":"2015-08-27T11:53:30","slug":"ferreirinha-lamenta-morte-da-sobrinha-pelas-redes-sociais","status":"publish","type":"post","link":"https:\/\/www.saloanoticias.com\/v1\/ferreirinha-lamenta-morte-da-sobrinha-pelas-redes-sociais\/","title":{"rendered":"FERREIRINHA LOPES LAMENTOU MORTE DA SOBRINHA PELAS REDES SOCIAIS"},"content":{"rendered":"<p align=\"justify\"><font size=\"3\" face=\"Arial\"><a href=\"http:\/\/www.saloanoticias.com\/images\/ferreirinha-2_7ab369ea2ab4e9ebe42d8ef7725c3b6f.jpg\"><img loading=\"lazy\" decoding=\"async\" title=\"Ferreirinha (2)\" style=\"border-top: 0px; border-right: 0px; background-image: none; border-bottom: 0px; float: right; padding-top: 0px; padding-left: 0px; margin: 5px 0px 0px 5px; border-left: 0px; display: inline; padding-right: 0px\" border=\"0\" alt=\"Ferreirinha (2)\" src=\"http:\/\/www.saloanoticias.com\/v1\/wp-content\/uploads\/imagens\/ferreirinha-2_thumb_4c26c6b2eb38d32676e77064fdeb8c4f.jpg\" width=\"268\" align=\"right\" height=\"230\"><\/a>Estamos passando momentos bem dif\u00edceis com o tr\u00e1gico falecimento da nossa sobrinha, ELIENE MOTA, que faleceu no dia de ontem, aos 28 anos de idade, no Estado de Aryzona, Estados Unidos da Am\u00e9rica. Aguardamos o traslado do seu corpo para realizarmos o sepultamento aqui na cidade de Salo\u00e1 &#8211; terra onde nasceu e se criou. L\u00e1 nos Estados Unidos, ela se achava a servi\u00e7o, faria um curso de ingl\u00eas, uma vez que h\u00e1 pouco tempo teria se formado em Engenharia Qu\u00edmica, pela Universidade Federal de Pernambuco.<\/font><\/p>\n<p align=\"justify\"><font size=\"3\" face=\"Arial\">Estamos muito tristes, principalmente, minha irm\u00e3 Mariquinha, que dedicava a ela uma aten\u00e7\u00e3o toda especial, chegando a confundir a muitos como se fosse sua m\u00e3e. Fonte: Facebook do Vereador Arnaldo Ferreira Lopes.<\/font><\/p>\n<div style=\"margin-top: 0px; margin-bottom: 0px;\" class=\"sharethis-inline-share-buttons\" ><\/div>","protected":false},"excerpt":{"rendered":"<p>Estamos passando momentos bem dif\u00edceis com o tr\u00e1gico falecimento da nossa sobrinha, ELIENE MOTA, que faleceu no dia de ontem, aos 28 anos de idade, no Estado de Aryzona, Estados Unidos da Am\u00e9rica. Aguardamos o traslado do seu corpo para realizarmos o sepultamento aqui na cidade de Salo\u00e1 &#8211; terra onde nasceu e se criou. [&hellip;]<\/p>\n","protected":false},"author":1,"featured_media":0,"comment_status":"open","ping_status":"open","sticky":false,"template":"","format":"standard","meta":{"footnotes":""},"categories":[2],"tags":[],"class_list":["post-2062","post","type-post","status-publish","format-standard","hentry","category-noticias-do-dia"],"_links":{"self":[{"href":"https:\/\/www.saloanoticias.com\/v1\/wp-json\/wp\/v2\/posts\/2062","targetHints":{"allow":["GET"]}}],"collection":[{"href":"https:\/\/www.saloanoticias.com\/v1\/wp-json\/wp\/v2\/posts"}],"about":[{"href":"https:\/\/www.saloanoticias.com\/v1\/wp-json\/wp\/v2\/types\/post"}],"author":[{"embeddable":true,"href":"https:\/\/www.saloanoticias.com\/v1\/wp-json\/wp\/v2\/users\/1"}],"replies":[{"embeddable":true,"href":"https:\/\/www.saloanoticias.com\/v1\/wp-json\/wp\/v2\/comments?post=2062"}],"version-history":[{"count":0,"href":"https:\/\/www.saloanoticias.com\/v1\/wp-json\/wp\/v2\/posts\/2062\/revisions"}],"wp:attachment":[{"href":"https:\/\/www.saloanoticias.com\/v1\/wp-json\/wp\/v2\/media?parent=2062"}],"wp:term":[{"taxonomy":"category","embeddable":true,"href":"https:\/\/www.saloanoticias.com\/v1\/wp-json\/wp\/v2\/categories?post=2062"},{"taxonomy":"post_tag","embeddable":true,"href":"https:\/\/www.saloanoticias.com\/v1\/wp-json\/wp\/v2\/tags?post=2062"}],"curies":[{"name":"wp","href":"https:\/\/api.w.org\/{rel}","templated":true}]}}