{"id":2056,"date":"2015-08-26T20:00:00","date_gmt":"2015-08-26T20:00:00","guid":{"rendered":"https:\/\/saloanoticias.mrmediaweb.com\/v1\/2015\/08\/26\/prefeitura-de-saloa-implanta-agenda-a3p\/"},"modified":"2015-08-26T20:00:00","modified_gmt":"2015-08-26T20:00:00","slug":"prefeitura-de-saloa-implanta-agenda-a3p","status":"publish","type":"post","link":"https:\/\/www.saloanoticias.com\/v1\/prefeitura-de-saloa-implanta-agenda-a3p\/","title":{"rendered":"PREFEITURA DE SALO\u00c1 IMPLANTA AGENDA A3P PELA SECRETARIA DE MEIO AMBIENTE"},"content":{"rendered":"<p align=\"justify\"><font size=\"3\" face=\"Arial\"><a href=\"http:\/\/www.saloanoticias.com\/images\/paulo-gama-salo-notcias-1.jpg\"><img loading=\"lazy\" decoding=\"async\" title=\"Paulo Gama Salo&aacute; Not&iacute;cias \" style=\"border-top: 0px; border-right: 0px; background-image: none; border-bottom: 0px; float: none; padding-top: 0px; padding-left: 0px; margin: 0px auto 10px; border-left: 0px; display: block; padding-right: 0px\" border=\"0\" alt=\"Paulo Gama Salo&aacute; Not&iacute;cias \" src=\"http:\/\/www.saloanoticias.com\/v1\/wp-content\/uploads\/imagens\/paulo-gama-salo-notcias-1_thumb.jpg\" width=\"478\" height=\"378\"><\/a>A Prefeitura Municipal, atrav\u00e9s da secretaria de Meio Ambiente, come\u00e7ou a implantar a agenda Ambiental na Administra\u00e7\u00e3o P\u00fablica A3P, em Salo\u00e1\/PE, conforme explica o secret\u00e1rio da pasta Sr. Paulo Gama. O QUE \u00c9 ? \u201c\u00c9 um projeto que se iniciou no Minist\u00e9rio de Meio Ambiente, e possu\u00ed um papel estrat\u00e9gico na revis\u00e3o dos padr\u00f5es de produ\u00e7\u00e3o e consumo e na ado\u00e7\u00e3o de novos referenciais em busca da Sustentabilidade S\u00f3cio Ambiental, no \u00e2mbito da Administra\u00e7\u00e3o P\u00fablica, contando com o compromisso e envolvimento de todas as secretarias municipais.\u201d<\/font>  <\/p>\n<p align=\"justify\"><font size=\"3\" face=\"Arial\">OBJETIVO GERAL: Estimular os Gestores P\u00fablicos a incorporar princ\u00edpios e crit\u00e9rios de Gest\u00e3o Ambiental em suas atividades rotineiras, levando \u00e0 economia de recursos naturais e \u00e0 redu\u00e7\u00e3o de uso racional dos bens p\u00fablicos e da gest\u00e3o adequada dos res\u00edduos.<\/font><\/p>\n<p><font size=\"3\" face=\"Arial\"> <\/p>\n<p align=\"center\"><strong><font size=\"4\"><u>OBJETIVO ESPEC\u00cdFICO<\/u><br \/><\/font><\/strong><\/p>\n<p align=\"center\"><strong>Uso racional dos recursos naturais e bens p\u00fablicos<br \/>Gest\u00e3o adequada dos res\u00edduos gerais<br \/>Qualidade de vida no ambiente de trabalho<br \/>Sensibiliza\u00e7\u00e3o e Capacita\u00e7\u00e3o<br \/>Licita\u00e7\u00f5es Sustent\u00e1veis<\/strong><\/font><\/p>\n<div style=\"margin-top: 0px; margin-bottom: 0px;\" class=\"sharethis-inline-share-buttons\" ><\/div>","protected":false},"excerpt":{"rendered":"<p>A Prefeitura Municipal, atrav\u00e9s da secretaria de Meio Ambiente, come\u00e7ou a implantar a agenda Ambiental na Administra\u00e7\u00e3o P\u00fablica A3P, em Salo\u00e1\/PE, conforme explica o secret\u00e1rio da pasta Sr. Paulo Gama. O QUE \u00c9 ? \u201c\u00c9 um projeto que se iniciou no Minist\u00e9rio de Meio Ambiente, e possu\u00ed um papel estrat\u00e9gico na revis\u00e3o dos padr\u00f5es de [&hellip;]<\/p>\n","protected":false},"author":1,"featured_media":0,"comment_status":"open","ping_status":"open","sticky":false,"template":"","format":"standard","meta":{"footnotes":""},"categories":[2],"tags":[],"class_list":["post-2056","post","type-post","status-publish","format-standard","hentry","category-noticias-do-dia"],"_links":{"self":[{"href":"https:\/\/www.saloanoticias.com\/v1\/wp-json\/wp\/v2\/posts\/2056","targetHints":{"allow":["GET"]}}],"collection":[{"href":"https:\/\/www.saloanoticias.com\/v1\/wp-json\/wp\/v2\/posts"}],"about":[{"href":"https:\/\/www.saloanoticias.com\/v1\/wp-json\/wp\/v2\/types\/post"}],"author":[{"embeddable":true,"href":"https:\/\/www.saloanoticias.com\/v1\/wp-json\/wp\/v2\/users\/1"}],"replies":[{"embeddable":true,"href":"https:\/\/www.saloanoticias.com\/v1\/wp-json\/wp\/v2\/comments?post=2056"}],"version-history":[{"count":0,"href":"https:\/\/www.saloanoticias.com\/v1\/wp-json\/wp\/v2\/posts\/2056\/revisions"}],"wp:attachment":[{"href":"https:\/\/www.saloanoticias.com\/v1\/wp-json\/wp\/v2\/media?parent=2056"}],"wp:term":[{"taxonomy":"category","embeddable":true,"href":"https:\/\/www.saloanoticias.com\/v1\/wp-json\/wp\/v2\/categories?post=2056"},{"taxonomy":"post_tag","embeddable":true,"href":"https:\/\/www.saloanoticias.com\/v1\/wp-json\/wp\/v2\/tags?post=2056"}],"curies":[{"name":"wp","href":"https:\/\/api.w.org\/{rel}","templated":true}]}}