{"id":2051,"date":"2015-08-22T19:40:41","date_gmt":"2015-08-22T19:40:41","guid":{"rendered":"https:\/\/saloanoticias.mrmediaweb.com\/v1\/2015\/08\/22\/acidente-em-saloa-na-tarde-deste-sabado-22\/"},"modified":"2015-08-22T19:40:41","modified_gmt":"2015-08-22T19:40:41","slug":"acidente-em-saloa-na-tarde-deste-sabado-22","status":"publish","type":"post","link":"https:\/\/www.saloanoticias.com\/v1\/acidente-em-saloa-na-tarde-deste-sabado-22\/","title":{"rendered":"A BRUXA EST\u00c1 SOLTA: ACIDENTE EM SALO\u00c1 NA TARDE DESTE S\u00c1BADO (22)"},"content":{"rendered":"<p align=\"justify\"><font size=\"3\" face=\"Arial\"><a href=\"http:\/\/www.saloanoticias.com\/images\/11870786_1462516984051861_5569596476794504392_n.jpg\"><img loading=\"lazy\" decoding=\"async\" title=\"11870786_1462516984051861_5569596476794504392_n\" style=\"border-left-width: 0px; border-right-width: 0px; background-image: none; border-bottom-width: 0px; float: none; padding-top: 0px; padding-left: 0px; margin: 0px auto 10px; display: block; padding-right: 0px; border-top-width: 0px\" border=\"0\" alt=\"11870786_1462516984051861_5569596476794504392_n\" src=\"http:\/\/www.saloanoticias.com\/v1\/wp-content\/uploads\/imagens\/11870786_1462516984051861_5569596476794504392_n_thumb.jpg\" width=\"583\" height=\"328\"><\/a>Aconteceu na tarde deste s\u00e1bado um acidente nas proximidades da entrada da cidade de Salo\u00e1, esta que liga Salo\u00e1 \u00e0 Prata. Pelas informa\u00e7\u00f5es que nos foram repassadas, duas pessoas ocupavam o ve\u00edculo gol de placa KYK-3035, de cor branca, e vinham no sentido Prata\/Salo\u00e1. Segundo testemunhas, o motorista vinha em alta velocidade quando foi livrar um buraco na estrada, momento em que perdeu o controle e bateu na cerca da fazenda do Sr. Grelado. Nossa fonte nos informou ainda que nenhum dos dois ocupantes do ve\u00edculo de machucaram.<\/font><\/p>\n<p align=\"justify\"><font size=\"3\" face=\"Arial\">Neste momento o carro se encontra no local do acidente e ficou parcialmente danificado, conforme se v\u00ea nas fotos. A qualquer momento mais informa\u00e7\u00f5es sobre este assunto.<\/font><\/p>\n<p align=\"justify\"><a href=\"http:\/\/www.saloanoticias.com\/images\/11904119_1462516994051860_113396652174811617_n.jpg\"><img loading=\"lazy\" decoding=\"async\" title=\"11904119_1462516994051860_113396652174811617_n\" style=\"border-left-width: 0px; border-right-width: 0px; background-image: none; border-bottom-width: 0px; float: none; padding-top: 0px; padding-left: 0px; margin: 10px auto; display: block; padding-right: 0px; border-top-width: 0px\" border=\"0\" alt=\"11904119_1462516994051860_113396652174811617_n\" src=\"http:\/\/www.saloanoticias.com\/v1\/wp-content\/uploads\/imagens\/11904119_1462516994051860_113396652174811617_n_thumb.jpg\" width=\"581\" height=\"327\"><\/a><\/p>\n<div style=\"margin-top: 0px; margin-bottom: 0px;\" class=\"sharethis-inline-share-buttons\" ><\/div>","protected":false},"excerpt":{"rendered":"<p>Aconteceu na tarde deste s\u00e1bado um acidente nas proximidades da entrada da cidade de Salo\u00e1, esta que liga Salo\u00e1 \u00e0 Prata. Pelas informa\u00e7\u00f5es que nos foram repassadas, duas pessoas ocupavam o ve\u00edculo gol de placa KYK-3035, de cor branca, e vinham no sentido Prata\/Salo\u00e1. Segundo testemunhas, o motorista vinha em alta velocidade quando foi livrar [&hellip;]<\/p>\n","protected":false},"author":1,"featured_media":0,"comment_status":"open","ping_status":"open","sticky":false,"template":"","format":"standard","meta":{"footnotes":""},"categories":[2],"tags":[],"class_list":["post-2051","post","type-post","status-publish","format-standard","hentry","category-noticias-do-dia"],"_links":{"self":[{"href":"https:\/\/www.saloanoticias.com\/v1\/wp-json\/wp\/v2\/posts\/2051","targetHints":{"allow":["GET"]}}],"collection":[{"href":"https:\/\/www.saloanoticias.com\/v1\/wp-json\/wp\/v2\/posts"}],"about":[{"href":"https:\/\/www.saloanoticias.com\/v1\/wp-json\/wp\/v2\/types\/post"}],"author":[{"embeddable":true,"href":"https:\/\/www.saloanoticias.com\/v1\/wp-json\/wp\/v2\/users\/1"}],"replies":[{"embeddable":true,"href":"https:\/\/www.saloanoticias.com\/v1\/wp-json\/wp\/v2\/comments?post=2051"}],"version-history":[{"count":0,"href":"https:\/\/www.saloanoticias.com\/v1\/wp-json\/wp\/v2\/posts\/2051\/revisions"}],"wp:attachment":[{"href":"https:\/\/www.saloanoticias.com\/v1\/wp-json\/wp\/v2\/media?parent=2051"}],"wp:term":[{"taxonomy":"category","embeddable":true,"href":"https:\/\/www.saloanoticias.com\/v1\/wp-json\/wp\/v2\/categories?post=2051"},{"taxonomy":"post_tag","embeddable":true,"href":"https:\/\/www.saloanoticias.com\/v1\/wp-json\/wp\/v2\/tags?post=2051"}],"curies":[{"name":"wp","href":"https:\/\/api.w.org\/{rel}","templated":true}]}}