{"id":2050,"date":"2015-08-22T15:59:43","date_gmt":"2015-08-22T15:59:43","guid":{"rendered":"https:\/\/saloanoticias.mrmediaweb.com\/v1\/2015\/08\/22\/primeiro-homicidio-em-saloa-no-ano-de-2015\/"},"modified":"2015-08-22T15:59:43","modified_gmt":"2015-08-22T15:59:43","slug":"primeiro-homicidio-em-saloa-no-ano-de-2015","status":"publish","type":"post","link":"https:\/\/www.saloanoticias.com\/v1\/primeiro-homicidio-em-saloa-no-ano-de-2015\/","title":{"rendered":"HOMEM \u00c9 MORTO A TIROS EM SALO\u00c1\/PE NA MANH\u00c3 DESTE S\u00c1BADO, 22 DE AGOSTO"},"content":{"rendered":"<p align=\"justify\"><font size=\"3\" face=\"Arial\"><a href=\"http:\/\/www.saloanoticias.com\/images\/homicdio.gif\"><img loading=\"lazy\" decoding=\"async\" title=\"HOMIC&Iacute;DIO\" style=\"border-left-width: 0px; border-right-width: 0px; background-image: none; border-bottom-width: 0px; float: none; padding-top: 0px; padding-left: 0px; margin: 0px auto 10px; display: block; padding-right: 0px; border-top-width: 0px\" border=\"0\" alt=\"HOMIC&Iacute;DIO\" src=\"http:\/\/www.saloanoticias.com\/v1\/wp-content\/uploads\/imagens\/homicdio_thumb.gif\" width=\"573\" height=\"430\"><\/a><strong>ATEN\u00c7\u00c3O: Imagens fortes, se algum leitor tem problemas em rela\u00e7\u00e3o a isso n\u00e3o olhe as fotos<\/strong> &#8211; Aconteceu na manh\u00e3 deste s\u00e1bado, dia 22 de agosto, por volta das 11:30 horas, o primeiro homic\u00eddio registrado no munic\u00edpio de Salo\u00e1 em 2015. Pelas informa\u00e7\u00f5es levantadas no local do crime, a v\u00edtima foi alvejada por seis tiros de arma de fogo na cabe\u00e7a e identificada como sendo, Nen\u00e9m de Jo\u00e3o de Chico, residente nas proximidades do posto Alto da Serra no munic\u00edpio de Paranatama\/PE.<\/font><\/p>\n<p align=\"justify\"><font size=\"3\" face=\"Arial\">As informa\u00e7\u00f5es d\u00e3o conta ainda, que o mesmo negociava com motos e, minutos antes do assassinato, estava conversava com dois homens \u00e0s margens da PE 216, perto do povoado S\u00e3o Serafim, local do crime. <\/font><font size=\"3\" face=\"Arial\">O SAMU local ainda tentou socorrer a v\u00edtima, mas no caminho de Garanhuns veio a \u00f3bito. No local ficou ainda uma motocicleta de placa PGH \u2013 4433, marca Honda e cor preta provavelmente pertencente a Nen\u00e9m. <\/font><font size=\"3\" face=\"Arial\">O corpo est\u00e1 neste momento no necrot\u00e9rio do Hospital Josina Godoy de Salo\u00e1.<\/font><\/p>\n<p align=\"justify\"><font size=\"3\" face=\"Arial\">Este \u00e9 lamentavelmente, o primeiro homic\u00eddio no munic\u00edpio este ano. <\/font><font size=\"3\" face=\"Arial\">A Pol\u00edcia Militar esteve no local do fato fazendo os primeiros levantamentos, mas, at\u00e9 o momento n\u00e3o sabe sobre os autores do crime e nem suas motiva\u00e7\u00f5es. A qualquer momento mais detalhes sobre o assunto.<\/font><\/p>\n<div style=\"margin-top: 0px; margin-bottom: 0px;\" class=\"sharethis-inline-share-buttons\" ><\/div>","protected":false},"excerpt":{"rendered":"<p>ATEN\u00c7\u00c3O: Imagens fortes, se algum leitor tem problemas em rela\u00e7\u00e3o a isso n\u00e3o olhe as fotos &#8211; Aconteceu na manh\u00e3 deste s\u00e1bado, dia 22 de agosto, por volta das 11:30 horas, o primeiro homic\u00eddio registrado no munic\u00edpio de Salo\u00e1 em 2015. Pelas informa\u00e7\u00f5es levantadas no local do crime, a v\u00edtima foi alvejada por seis tiros [&hellip;]<\/p>\n","protected":false},"author":1,"featured_media":0,"comment_status":"open","ping_status":"open","sticky":false,"template":"","format":"standard","meta":{"footnotes":""},"categories":[2],"tags":[],"class_list":["post-2050","post","type-post","status-publish","format-standard","hentry","category-noticias-do-dia"],"_links":{"self":[{"href":"https:\/\/www.saloanoticias.com\/v1\/wp-json\/wp\/v2\/posts\/2050","targetHints":{"allow":["GET"]}}],"collection":[{"href":"https:\/\/www.saloanoticias.com\/v1\/wp-json\/wp\/v2\/posts"}],"about":[{"href":"https:\/\/www.saloanoticias.com\/v1\/wp-json\/wp\/v2\/types\/post"}],"author":[{"embeddable":true,"href":"https:\/\/www.saloanoticias.com\/v1\/wp-json\/wp\/v2\/users\/1"}],"replies":[{"embeddable":true,"href":"https:\/\/www.saloanoticias.com\/v1\/wp-json\/wp\/v2\/comments?post=2050"}],"version-history":[{"count":0,"href":"https:\/\/www.saloanoticias.com\/v1\/wp-json\/wp\/v2\/posts\/2050\/revisions"}],"wp:attachment":[{"href":"https:\/\/www.saloanoticias.com\/v1\/wp-json\/wp\/v2\/media?parent=2050"}],"wp:term":[{"taxonomy":"category","embeddable":true,"href":"https:\/\/www.saloanoticias.com\/v1\/wp-json\/wp\/v2\/categories?post=2050"},{"taxonomy":"post_tag","embeddable":true,"href":"https:\/\/www.saloanoticias.com\/v1\/wp-json\/wp\/v2\/tags?post=2050"}],"curies":[{"name":"wp","href":"https:\/\/api.w.org\/{rel}","templated":true}]}}