{"id":2045,"date":"2015-08-26T11:00:00","date_gmt":"2015-08-26T11:00:00","guid":{"rendered":"https:\/\/saloanoticias.mrmediaweb.com\/v1\/2015\/08\/26\/camara-aprova-piso-salarial-dos-professores\/"},"modified":"2015-08-26T11:00:00","modified_gmt":"2015-08-26T11:00:00","slug":"camara-aprova-piso-salarial-dos-professores","status":"publish","type":"post","link":"https:\/\/www.saloanoticias.com\/v1\/camara-aprova-piso-salarial-dos-professores\/","title":{"rendered":"C\u00c2MARA APROVA PISO DOS PROFESSORES"},"content":{"rendered":"<p align=\"justify\"><font size=\"3\" face=\"Arial\"><a href=\"http:\/\/www.saloanoticias.com\/images\/salo-noticias_dec8d9dab70f7dce09e906b8d6ed0ac0.jpg\"><img loading=\"lazy\" decoding=\"async\" title=\"Salo&aacute; Noticias\" style=\"border-left-width: 0px; border-right-width: 0px; background-image: none; border-bottom-width: 0px; float: none; padding-top: 0px; padding-left: 0px; margin: 0px auto 10px; display: block; padding-right: 0px; border-top-width: 0px\" border=\"0\" alt=\"Salo&aacute; Noticias\" src=\"http:\/\/www.saloanoticias.com\/v1\/wp-content\/uploads\/imagens\/salo-noticias_thumb_eb1096823b3f5c9c0149a00263914bee.jpg\" width=\"575\" height=\"362\"><\/a>A c\u00e2mara dos vereadores de Salo\u00e1\/PE, aprovou na \u00faltima sess\u00e3o ordin\u00e1ria, os projetos de lei n.\u00ba 006 e 007\/2015 de autoria do executivo municipal, que tratam das horas aulas dos professores e da atualiza\u00e7\u00e3o do piso salarial da categoria. Os referidos projetos foram aprovados pelos nove vereadores presentes na sess\u00e3o e contou tamb\u00e9m com a presen\u00e7a maci\u00e7a dos interessados. Os projetos foram encaminhados pela da prefeitura municipal, que agora enquadra o munic\u00edpio entre os que cumprem a lei federal que regulamenta a mat\u00e9ria.<\/font><\/p>\n<p align=\"justify\"><a href=\"http:\/\/www.saloanoticias.com\/images\/salo-notcias-2_6dbdd78b5853809b3143e2a44fb39573.jpg\"><img loading=\"lazy\" decoding=\"async\" title=\"Salo&aacute; Not&iacute;cias 2\" style=\"border-left-width: 0px; border-right-width: 0px; background-image: none; border-bottom-width: 0px; float: none; padding-top: 0px; padding-left: 0px; margin-left: auto; display: block; padding-right: 0px; border-top-width: 0px; margin-right: auto\" border=\"0\" alt=\"Salo&aacute; Not&iacute;cias 2\" src=\"http:\/\/www.saloanoticias.com\/v1\/wp-content\/uploads\/imagens\/salo-notcias-2_thumb_a6c257f980f78e71b9f4c274ce4877ed.jpg\" width=\"574\" height=\"404\"><\/a><\/p>\n<p align=\"justify\"><font size=\"3\" face=\"Arial\">Com essa mudan\u00e7a vinda no projeto n.\u00ba 006\/2015, nenhum professor do munic\u00edpio ganhar\u00e1 menos que R$ 1.918,00 (um mil novecentos e dezoito reais), para 200 horas\/aulas, tendo 13% de acr\u00e9scimo em rela\u00e7\u00e3o ao piso do ano de 2014, e, R$ 1.438,50 (um mil quatrocentos e trinta e oito reais e cinquenta centavos) para os que t\u00eam 150 horas\/aulas. Outra mudan\u00e7a bastante significativa \u00e9 em rela\u00e7\u00e3o \u00e0s horas trabalhadas, trazidas pelo projeto 007\/2015, que alterou o art. 16 da Lei n.\u00ba 469 de 30 de novembro de 2009 e deu outras provid\u00eancias.<\/font><\/p>\n<p align=\"justify\"><font size=\"3\" face=\"Arial\">Agora, os professores receber\u00e3o pelas 187,5, sendo 30% desse total com atividades extra-salas de aulas. <\/font><font size=\"3\" face=\"Arial\">No final da sess\u00e3o legislativa o presidente da comiss\u00e3o de professores, Edson Ger\u00f4nimo, agradeceu ao prefeito Ricardo Alves por sua disposi\u00e7\u00e3o de negociar com a categoria e por ter cumprido tudo aquilo que tinha acordado com os professores da rede municipal de ensino. Ele tamb\u00e9m fez refer\u00eancia aos parlamentares do munic\u00edpio que se empenharam nos tr\u00e2mites desta mat\u00e9ria. Agora o projeto aprovado seguiu para ser sancionado pela prefeitura.<\/font><\/p>\n<div style=\"margin-top: 0px; margin-bottom: 0px;\" class=\"sharethis-inline-share-buttons\" ><\/div>","protected":false},"excerpt":{"rendered":"<p>A c\u00e2mara dos vereadores de Salo\u00e1\/PE, aprovou na \u00faltima sess\u00e3o ordin\u00e1ria, os projetos de lei n.\u00ba 006 e 007\/2015 de autoria do executivo municipal, que tratam das horas aulas dos professores e da atualiza\u00e7\u00e3o do piso salarial da categoria. Os referidos projetos foram aprovados pelos nove vereadores presentes na sess\u00e3o e contou tamb\u00e9m com a [&hellip;]<\/p>\n","protected":false},"author":1,"featured_media":0,"comment_status":"open","ping_status":"open","sticky":false,"template":"","format":"standard","meta":{"footnotes":""},"categories":[2],"tags":[],"class_list":["post-2045","post","type-post","status-publish","format-standard","hentry","category-noticias-do-dia"],"_links":{"self":[{"href":"https:\/\/www.saloanoticias.com\/v1\/wp-json\/wp\/v2\/posts\/2045","targetHints":{"allow":["GET"]}}],"collection":[{"href":"https:\/\/www.saloanoticias.com\/v1\/wp-json\/wp\/v2\/posts"}],"about":[{"href":"https:\/\/www.saloanoticias.com\/v1\/wp-json\/wp\/v2\/types\/post"}],"author":[{"embeddable":true,"href":"https:\/\/www.saloanoticias.com\/v1\/wp-json\/wp\/v2\/users\/1"}],"replies":[{"embeddable":true,"href":"https:\/\/www.saloanoticias.com\/v1\/wp-json\/wp\/v2\/comments?post=2045"}],"version-history":[{"count":0,"href":"https:\/\/www.saloanoticias.com\/v1\/wp-json\/wp\/v2\/posts\/2045\/revisions"}],"wp:attachment":[{"href":"https:\/\/www.saloanoticias.com\/v1\/wp-json\/wp\/v2\/media?parent=2045"}],"wp:term":[{"taxonomy":"category","embeddable":true,"href":"https:\/\/www.saloanoticias.com\/v1\/wp-json\/wp\/v2\/categories?post=2045"},{"taxonomy":"post_tag","embeddable":true,"href":"https:\/\/www.saloanoticias.com\/v1\/wp-json\/wp\/v2\/tags?post=2045"}],"curies":[{"name":"wp","href":"https:\/\/api.w.org\/{rel}","templated":true}]}}