{"id":20063,"date":"2022-12-20T09:50:56","date_gmt":"2022-12-20T12:50:56","guid":{"rendered":"https:\/\/www.saloanoticias.com\/v1\/?p=20063"},"modified":"2022-12-20T10:31:07","modified_gmt":"2022-12-20T13:31:07","slug":"acidente-de-moto-na-estrada-do-catimbau","status":"publish","type":"post","link":"https:\/\/www.saloanoticias.com\/v1\/acidente-de-moto-na-estrada-do-catimbau\/","title":{"rendered":"Acidente de moto foi registrado em Salo\u00e1 nesta segunda (19)"},"content":{"rendered":"\n<p>Um acidente de moto foi registrado no final da tarde desta segunda-feira (19) na estrada que liga Salo\u00e1 ao s\u00edtio Catimbau. Pelas informa\u00e7\u00f5es compartilhadas pelas redes sociais, um casa e uma crian\u00e7a se deslocavam numa motocicleta de cor e placa n\u00e3o identificada, quando um animal, provavelmente um cachorro atravessou na frente da causando a queda da fam\u00edlia.<\/p>\n\n\n\n<p>O casal sofreu algumas les\u00f5es leves, por\u00e9m a crian\u00e7a bateu com a cabe\u00e7a no ch\u00e3o. O SAMU do Munic\u00edpio fez o socorro do menor encaminhando o mesmo para o hospital da Restaura\u00e7\u00e3o no Recife e segundo as \u00faltimas informa\u00e7\u00f5es a crian\u00e7a passa bem, apesar do susto.<\/p>\n\n\n\n<p>At\u00e9 o presente momento, o Blog SN n\u00e3o conseguiu os nomes das pessoas envolvidas no sinistro. Essas s\u00e3o as informa\u00e7\u00f5es atualizadas at\u00e9 o fechamento da mat\u00e9ria. A qualquer momento traremos mais informa\u00e7\u00f5es sobre este caso. <em>Imagem ilustrativa<\/em><\/p>\n<div style=\"margin-top: 0px; margin-bottom: 0px;\" class=\"sharethis-inline-share-buttons\" ><\/div>","protected":false},"excerpt":{"rendered":"<p>Um acidente de moto foi registrado no final da tarde desta segunda-feira (19) na estrada que liga Salo\u00e1 ao s\u00edtio Catimbau. Pelas informa\u00e7\u00f5es compartilhadas pelas redes sociais, um casa e uma crian\u00e7a se deslocavam numa motocicleta de cor e placa n\u00e3o identificada, quando um animal, provavelmente um cachorro atravessou na frente da causando a queda [&hellip;]<\/p>\n","protected":false},"author":1,"featured_media":20064,"comment_status":"closed","ping_status":"closed","sticky":false,"template":"","format":"standard","meta":{"footnotes":""},"categories":[19],"tags":[22],"class_list":["post-20063","post","type-post","status-publish","format-standard","has-post-thumbnail","hentry","category-policial","tag-destaques"],"_links":{"self":[{"href":"https:\/\/www.saloanoticias.com\/v1\/wp-json\/wp\/v2\/posts\/20063","targetHints":{"allow":["GET"]}}],"collection":[{"href":"https:\/\/www.saloanoticias.com\/v1\/wp-json\/wp\/v2\/posts"}],"about":[{"href":"https:\/\/www.saloanoticias.com\/v1\/wp-json\/wp\/v2\/types\/post"}],"author":[{"embeddable":true,"href":"https:\/\/www.saloanoticias.com\/v1\/wp-json\/wp\/v2\/users\/1"}],"replies":[{"embeddable":true,"href":"https:\/\/www.saloanoticias.com\/v1\/wp-json\/wp\/v2\/comments?post=20063"}],"version-history":[{"count":4,"href":"https:\/\/www.saloanoticias.com\/v1\/wp-json\/wp\/v2\/posts\/20063\/revisions"}],"predecessor-version":[{"id":20071,"href":"https:\/\/www.saloanoticias.com\/v1\/wp-json\/wp\/v2\/posts\/20063\/revisions\/20071"}],"wp:featuredmedia":[{"embeddable":true,"href":"https:\/\/www.saloanoticias.com\/v1\/wp-json\/wp\/v2\/media\/20064"}],"wp:attachment":[{"href":"https:\/\/www.saloanoticias.com\/v1\/wp-json\/wp\/v2\/media?parent=20063"}],"wp:term":[{"taxonomy":"category","embeddable":true,"href":"https:\/\/www.saloanoticias.com\/v1\/wp-json\/wp\/v2\/categories?post=20063"},{"taxonomy":"post_tag","embeddable":true,"href":"https:\/\/www.saloanoticias.com\/v1\/wp-json\/wp\/v2\/tags?post=20063"}],"curies":[{"name":"wp","href":"https:\/\/api.w.org\/{rel}","templated":true}]}}