{"id":19962,"date":"2022-12-10T08:50:22","date_gmt":"2022-12-10T11:50:22","guid":{"rendered":"https:\/\/www.saloanoticias.com\/v1\/?p=19962"},"modified":"2022-12-10T17:42:32","modified_gmt":"2022-12-10T20:42:32","slug":"prf-detem-carreta-com-21-toneladas-de-excesso-de-peso-na-serra-dos-ventos-em-saloa-pe","status":"publish","type":"post","link":"https:\/\/www.saloanoticias.com\/v1\/prf-detem-carreta-com-21-toneladas-de-excesso-de-peso-na-serra-dos-ventos-em-saloa-pe\/","title":{"rendered":"PRF intercepta carreta com 21 toneladas de excesso de peso na Serra dos Ventos em Salo\u00e1\/PE"},"content":{"rendered":"\n<p>Uma carreta que transportava gr\u00e3os de milho com 21 toneladas de excesso de peso foi retida, na \u00faltima sexta-feira (2), pela Pol\u00edcia Rodovi\u00e1ria Federal (PRF), na BR 423, em Salo\u00e1, no Agreste de Pernambuco. O ve\u00edculo havia sa\u00eddo de S\u00e3o Sim\u00e3o, em Sergipe, com destino ao Cabo de Santo Agostinho, no Grande Recife.<\/p>\n\n\n\n<p>Policiais realizavam uma fiscaliza\u00e7\u00e3o de transporte de carga, quando abordaram uma carreta com 70,1 toneladas de milho. Ao verificar as notas fiscais e avaliar a capacidade do ve\u00edculo, foi constatado que havia excesso de 21,1 toneladas no Peso Bruto Total Combinado (PBTC) e 17,1 na Capacidade M\u00e1xima de Tra\u00e7\u00e3o (CMT).&nbsp;<\/p>\n\n\n\n<p>A equipe emitiu autua\u00e7\u00f5es pelas irregularidades e a carreta ficou imobilizada por problemas mec\u00e2nicos. Ap\u00f3s sanada a situa\u00e7\u00e3o, a carreta foi conduzida ao p\u00e1tio para realizar o transbordo da mercadoria excedente. <em>Fonte: Blog Agreste Violento<\/em><\/p>\n\n\n\n<figure class=\"wp-block-image\"><img decoding=\"async\" src=\"https:\/\/platform-cdn.sharethis.com\/img\/facebook.svg\" alt=\"facebook sharing button\"\/><\/figure>\n\n\n\n<figure class=\"wp-block-image\"><img decoding=\"async\" src=\"https:\/\/platform-cdn.sharethis.com\/img\/whatsapp.svg\" alt=\"whatsapp sharing button\"\/><\/figure>\n\n\n\n<figure class=\"wp-block-image\"><img decoding=\"async\" src=\"https:\/\/platform-cdn.sharethis.com\/img\/email.svg\" alt=\"email sharing button\"\/><\/figure>\n\n\n\n<figure class=\"wp-block-image\"><img decoding=\"async\" src=\"https:\/\/platform-cdn.sharethis.com\/img\/messenger.svg\" alt=\"messenger sharing button\"\/><\/figure>\n\n\n\n<figure class=\"wp-block-image\"><img decoding=\"async\" src=\"https:\/\/platform-cdn.sharethis.com\/img\/sharethis.svg\" alt=\"sharethis sharing button\"\/><\/figure>\n<div style=\"margin-top: 0px; margin-bottom: 0px;\" class=\"sharethis-inline-share-buttons\" ><\/div>","protected":false},"excerpt":{"rendered":"<p>Uma carreta que transportava gr\u00e3os de milho com 21 toneladas de excesso de peso foi retida, na \u00faltima sexta-feira (2), pela Pol\u00edcia Rodovi\u00e1ria Federal (PRF), na BR 423, em Salo\u00e1, no Agreste de Pernambuco. O ve\u00edculo havia sa\u00eddo de S\u00e3o Sim\u00e3o, em Sergipe, com destino ao Cabo de Santo Agostinho, no Grande Recife. Policiais realizavam [&hellip;]<\/p>\n","protected":false},"author":1,"featured_media":19963,"comment_status":"closed","ping_status":"closed","sticky":false,"template":"","format":"standard","meta":{"footnotes":""},"categories":[19],"tags":[22],"class_list":["post-19962","post","type-post","status-publish","format-standard","has-post-thumbnail","hentry","category-policial","tag-destaques"],"_links":{"self":[{"href":"https:\/\/www.saloanoticias.com\/v1\/wp-json\/wp\/v2\/posts\/19962","targetHints":{"allow":["GET"]}}],"collection":[{"href":"https:\/\/www.saloanoticias.com\/v1\/wp-json\/wp\/v2\/posts"}],"about":[{"href":"https:\/\/www.saloanoticias.com\/v1\/wp-json\/wp\/v2\/types\/post"}],"author":[{"embeddable":true,"href":"https:\/\/www.saloanoticias.com\/v1\/wp-json\/wp\/v2\/users\/1"}],"replies":[{"embeddable":true,"href":"https:\/\/www.saloanoticias.com\/v1\/wp-json\/wp\/v2\/comments?post=19962"}],"version-history":[{"count":5,"href":"https:\/\/www.saloanoticias.com\/v1\/wp-json\/wp\/v2\/posts\/19962\/revisions"}],"predecessor-version":[{"id":19969,"href":"https:\/\/www.saloanoticias.com\/v1\/wp-json\/wp\/v2\/posts\/19962\/revisions\/19969"}],"wp:featuredmedia":[{"embeddable":true,"href":"https:\/\/www.saloanoticias.com\/v1\/wp-json\/wp\/v2\/media\/19963"}],"wp:attachment":[{"href":"https:\/\/www.saloanoticias.com\/v1\/wp-json\/wp\/v2\/media?parent=19962"}],"wp:term":[{"taxonomy":"category","embeddable":true,"href":"https:\/\/www.saloanoticias.com\/v1\/wp-json\/wp\/v2\/categories?post=19962"},{"taxonomy":"post_tag","embeddable":true,"href":"https:\/\/www.saloanoticias.com\/v1\/wp-json\/wp\/v2\/tags?post=19962"}],"curies":[{"name":"wp","href":"https:\/\/api.w.org\/{rel}","templated":true}]}}