{"id":19871,"date":"2022-11-30T23:14:26","date_gmt":"2022-12-01T02:14:26","guid":{"rendered":"https:\/\/www.saloanoticias.com\/v1\/?p=19871"},"modified":"2022-11-30T23:42:08","modified_gmt":"2022-12-01T02:42:08","slug":"jovem-de-18-anos-morre-em-acidente-na-serra-dos-ventos","status":"publish","type":"post","link":"https:\/\/www.saloanoticias.com\/v1\/jovem-de-18-anos-morre-em-acidente-na-serra-dos-ventos\/","title":{"rendered":"Jovem de 18 anos sofre atropelamento na Serra dos Ventos"},"content":{"rendered":"\n<p>Uma jovem conhecida por Jamyle Pereira da Rocha de apenas 18 anos de idade morreu no come\u00e7o da noite desta quarta-feira, dia 30 de novembro de 2022, v\u00edtima de atropelamento \u00e0s margens da BR 423, nas proximidades da Serra dos Ventos.<\/p>\n\n\n\n<p>As informa\u00e7\u00f5es que chagaram \u00e0 reda\u00e7\u00e3o do nosso Blog d\u00e3o conta de que Jamyle \u00e9 filha de um homem conhecido por Z\u00e9 Cicero e era natural de Salo\u00e1\/PE, mas, estava residindo h\u00e1 algum tempo no povoado Alto da Serra, munic\u00edpio de Paranatama. Ainda segundo as nossas fontes, o IML foi acionado e dever\u00e1 encaminhar o corpo para ser periciado. A qualquer momento traremos mais informa\u00e7\u00f5es sobre este lament\u00e1vel epis\u00f3dio.<\/p>\n\n\n\n<p><\/p>\n<div style=\"margin-top: 0px; margin-bottom: 0px;\" class=\"sharethis-inline-share-buttons\" ><\/div>","protected":false},"excerpt":{"rendered":"<p>Uma jovem conhecida por Jamyle Pereira da Rocha de apenas 18 anos de idade morreu no come\u00e7o da noite desta quarta-feira, dia 30 de novembro de 2022, v\u00edtima de atropelamento \u00e0s margens da BR 423, nas proximidades da Serra dos Ventos. As informa\u00e7\u00f5es que chagaram \u00e0 reda\u00e7\u00e3o do nosso Blog d\u00e3o conta de que Jamyle [&hellip;]<\/p>\n","protected":false},"author":1,"featured_media":19873,"comment_status":"closed","ping_status":"closed","sticky":false,"template":"","format":"standard","meta":{"footnotes":""},"categories":[19],"tags":[22],"class_list":["post-19871","post","type-post","status-publish","format-standard","has-post-thumbnail","hentry","category-policial","tag-destaques"],"_links":{"self":[{"href":"https:\/\/www.saloanoticias.com\/v1\/wp-json\/wp\/v2\/posts\/19871","targetHints":{"allow":["GET"]}}],"collection":[{"href":"https:\/\/www.saloanoticias.com\/v1\/wp-json\/wp\/v2\/posts"}],"about":[{"href":"https:\/\/www.saloanoticias.com\/v1\/wp-json\/wp\/v2\/types\/post"}],"author":[{"embeddable":true,"href":"https:\/\/www.saloanoticias.com\/v1\/wp-json\/wp\/v2\/users\/1"}],"replies":[{"embeddable":true,"href":"https:\/\/www.saloanoticias.com\/v1\/wp-json\/wp\/v2\/comments?post=19871"}],"version-history":[{"count":9,"href":"https:\/\/www.saloanoticias.com\/v1\/wp-json\/wp\/v2\/posts\/19871\/revisions"}],"predecessor-version":[{"id":19883,"href":"https:\/\/www.saloanoticias.com\/v1\/wp-json\/wp\/v2\/posts\/19871\/revisions\/19883"}],"wp:featuredmedia":[{"embeddable":true,"href":"https:\/\/www.saloanoticias.com\/v1\/wp-json\/wp\/v2\/media\/19873"}],"wp:attachment":[{"href":"https:\/\/www.saloanoticias.com\/v1\/wp-json\/wp\/v2\/media?parent=19871"}],"wp:term":[{"taxonomy":"category","embeddable":true,"href":"https:\/\/www.saloanoticias.com\/v1\/wp-json\/wp\/v2\/categories?post=19871"},{"taxonomy":"post_tag","embeddable":true,"href":"https:\/\/www.saloanoticias.com\/v1\/wp-json\/wp\/v2\/tags?post=19871"}],"curies":[{"name":"wp","href":"https:\/\/api.w.org\/{rel}","templated":true}]}}