{"id":19153,"date":"2022-09-20T08:26:12","date_gmt":"2022-09-20T11:26:12","guid":{"rendered":"https:\/\/www.saloanoticias.com\/v1\/?p=19153"},"modified":"2022-09-21T09:18:12","modified_gmt":"2022-09-21T12:18:12","slug":"mercadinho-bernardo-sera-inaugurado-nesta-quarta-feira-20","status":"publish","type":"post","link":"https:\/\/www.saloanoticias.com\/v1\/mercadinho-bernardo-sera-inaugurado-nesta-quarta-feira-20\/","title":{"rendered":"Mercadinho Bernardo ser\u00e1 inaugurado nesta quarta-feira (21)"},"content":{"rendered":"\n<p>Ser\u00e1 inaugurado nesta quarta-feira (20\/09) na cidade de Salo\u00e1 o Mercadinho Bernardo que oferecer\u00e1 \u00f3timos pre\u00e7os para a popula\u00e7\u00e3o. L\u00e1 voc\u00ea realmente vai economizar todo dia. O novo mercadinho fica localizado na Rua 1\u00ba de Maio, n.07, no centro da cidade.<\/p>\n\n\n\n<p>Aceitamos todos os cart\u00f5es de cr\u00e9dito e facilitamos o pagamento de suas compras. Para maiores informa\u00e7\u00f5es ligue para (87) 98102.1902 ou (87) 98135.8390. O Mercadinho Bernardo tem a organiza\u00e7\u00e3o de C\u00e9sar de Col\u00f3 e fam\u00edlia. Fa\u00e7a-nos uma visita hoje mesmo e comprove o que estamos anunciando.<\/p>\n\n\n\n<div class=\"wp-block-image\"><figure class=\"aligncenter size-large is-resized\"><img loading=\"lazy\" decoding=\"async\" src=\"https:\/\/www.saloanoticias.com\/v1\/wp-content\/uploads\/2022\/09\/87BB5D10-B987-4794-90FA-B0971DEEDFBA-1024x724.jpeg\" alt=\"\" class=\"wp-image-19158\" width=\"1007\" height=\"711\" srcset=\"https:\/\/www.saloanoticias.com\/v1\/wp-content\/uploads\/2022\/09\/87BB5D10-B987-4794-90FA-B0971DEEDFBA-1024x724.jpeg 1024w, https:\/\/www.saloanoticias.com\/v1\/wp-content\/uploads\/2022\/09\/87BB5D10-B987-4794-90FA-B0971DEEDFBA-300x212.jpeg 300w, https:\/\/www.saloanoticias.com\/v1\/wp-content\/uploads\/2022\/09\/87BB5D10-B987-4794-90FA-B0971DEEDFBA-768x543.jpeg 768w, https:\/\/www.saloanoticias.com\/v1\/wp-content\/uploads\/2022\/09\/87BB5D10-B987-4794-90FA-B0971DEEDFBA.jpeg 1280w\" sizes=\"auto, (max-width: 1007px) 100vw, 1007px\" \/><\/figure><\/div>\n<div style=\"margin-top: 0px; margin-bottom: 0px;\" class=\"sharethis-inline-share-buttons\" ><\/div>","protected":false},"excerpt":{"rendered":"<p>Ser\u00e1 inaugurado nesta quarta-feira (20\/09) na cidade de Salo\u00e1 o Mercadinho Bernardo que oferecer\u00e1 \u00f3timos pre\u00e7os para a popula\u00e7\u00e3o. L\u00e1 voc\u00ea realmente vai economizar todo dia. O novo mercadinho fica localizado na Rua 1\u00ba de Maio, n.07, no centro da cidade. Aceitamos todos os cart\u00f5es de cr\u00e9dito e facilitamos o pagamento de suas compras. Para [&hellip;]<\/p>\n","protected":false},"author":1,"featured_media":19157,"comment_status":"closed","ping_status":"closed","sticky":false,"template":"","format":"standard","meta":{"footnotes":""},"categories":[20],"tags":[22],"class_list":["post-19153","post","type-post","status-publish","format-standard","has-post-thumbnail","hentry","category-comercio","tag-destaques"],"_links":{"self":[{"href":"https:\/\/www.saloanoticias.com\/v1\/wp-json\/wp\/v2\/posts\/19153","targetHints":{"allow":["GET"]}}],"collection":[{"href":"https:\/\/www.saloanoticias.com\/v1\/wp-json\/wp\/v2\/posts"}],"about":[{"href":"https:\/\/www.saloanoticias.com\/v1\/wp-json\/wp\/v2\/types\/post"}],"author":[{"embeddable":true,"href":"https:\/\/www.saloanoticias.com\/v1\/wp-json\/wp\/v2\/users\/1"}],"replies":[{"embeddable":true,"href":"https:\/\/www.saloanoticias.com\/v1\/wp-json\/wp\/v2\/comments?post=19153"}],"version-history":[{"count":4,"href":"https:\/\/www.saloanoticias.com\/v1\/wp-json\/wp\/v2\/posts\/19153\/revisions"}],"predecessor-version":[{"id":19175,"href":"https:\/\/www.saloanoticias.com\/v1\/wp-json\/wp\/v2\/posts\/19153\/revisions\/19175"}],"wp:featuredmedia":[{"embeddable":true,"href":"https:\/\/www.saloanoticias.com\/v1\/wp-json\/wp\/v2\/media\/19157"}],"wp:attachment":[{"href":"https:\/\/www.saloanoticias.com\/v1\/wp-json\/wp\/v2\/media?parent=19153"}],"wp:term":[{"taxonomy":"category","embeddable":true,"href":"https:\/\/www.saloanoticias.com\/v1\/wp-json\/wp\/v2\/categories?post=19153"},{"taxonomy":"post_tag","embeddable":true,"href":"https:\/\/www.saloanoticias.com\/v1\/wp-json\/wp\/v2\/tags?post=19153"}],"curies":[{"name":"wp","href":"https:\/\/api.w.org\/{rel}","templated":true}]}}