{"id":19097,"date":"2022-09-13T23:05:30","date_gmt":"2022-09-14T02:05:30","guid":{"rendered":"https:\/\/www.saloanoticias.com\/v1\/?p=19097"},"modified":"2022-09-13T23:05:31","modified_gmt":"2022-09-14T02:05:31","slug":"adolescente-e-preso-com-armas-e-drogas-em-saloa","status":"publish","type":"post","link":"https:\/\/www.saloanoticias.com\/v1\/adolescente-e-preso-com-armas-e-drogas-em-saloa\/","title":{"rendered":"Adolescente \u00e9 preso com armas e drogas em Salo\u00e1"},"content":{"rendered":"\n<p>Na tarde desta ter\u00e7a-feira (13), a Pol\u00edcia Civil, por meio da equipe da 145a Circunscri\u00e7\u00e3o de Salo\u00e1, sob o comando da Delegada Caroline Quagliato Roveri, com apoio da equipe da Pol\u00edcia Militar, efetuou a pris\u00e3o em flagrante de um menor pela pr\u00e1tica de posse irregular de arma de fogo e tr\u00e1fico de drogas.<\/p>\n\n\n\n<p>Junto ao menor foi encontrada uma arma artesanal, 13 papelotes de maconha, 878,00 (oitocentos e setenta e oito reais), sementes de maconha, pl\u00e1sticos individuais para armazenamento de droga e papel alum\u00ednio.<\/p>\n\n\n\n<p>O infrator ser\u00e1 apresentado ao Minist\u00e9rio P\u00fablico. Fonte: Blog Agreste Violento<\/p>\n<div style=\"margin-top: 0px; margin-bottom: 0px;\" class=\"sharethis-inline-share-buttons\" ><\/div>","protected":false},"excerpt":{"rendered":"<p>Na tarde desta ter\u00e7a-feira (13), a Pol\u00edcia Civil, por meio da equipe da 145a Circunscri\u00e7\u00e3o de Salo\u00e1, sob o comando da Delegada Caroline Quagliato Roveri, com apoio da equipe da Pol\u00edcia Militar, efetuou a pris\u00e3o em flagrante de um menor pela pr\u00e1tica de posse irregular de arma de fogo e tr\u00e1fico de drogas. Junto ao [&hellip;]<\/p>\n","protected":false},"author":1,"featured_media":19098,"comment_status":"closed","ping_status":"closed","sticky":false,"template":"","format":"standard","meta":{"footnotes":""},"categories":[19],"tags":[22],"class_list":["post-19097","post","type-post","status-publish","format-standard","has-post-thumbnail","hentry","category-policial","tag-destaques"],"_links":{"self":[{"href":"https:\/\/www.saloanoticias.com\/v1\/wp-json\/wp\/v2\/posts\/19097","targetHints":{"allow":["GET"]}}],"collection":[{"href":"https:\/\/www.saloanoticias.com\/v1\/wp-json\/wp\/v2\/posts"}],"about":[{"href":"https:\/\/www.saloanoticias.com\/v1\/wp-json\/wp\/v2\/types\/post"}],"author":[{"embeddable":true,"href":"https:\/\/www.saloanoticias.com\/v1\/wp-json\/wp\/v2\/users\/1"}],"replies":[{"embeddable":true,"href":"https:\/\/www.saloanoticias.com\/v1\/wp-json\/wp\/v2\/comments?post=19097"}],"version-history":[{"count":1,"href":"https:\/\/www.saloanoticias.com\/v1\/wp-json\/wp\/v2\/posts\/19097\/revisions"}],"predecessor-version":[{"id":19099,"href":"https:\/\/www.saloanoticias.com\/v1\/wp-json\/wp\/v2\/posts\/19097\/revisions\/19099"}],"wp:featuredmedia":[{"embeddable":true,"href":"https:\/\/www.saloanoticias.com\/v1\/wp-json\/wp\/v2\/media\/19098"}],"wp:attachment":[{"href":"https:\/\/www.saloanoticias.com\/v1\/wp-json\/wp\/v2\/media?parent=19097"}],"wp:term":[{"taxonomy":"category","embeddable":true,"href":"https:\/\/www.saloanoticias.com\/v1\/wp-json\/wp\/v2\/categories?post=19097"},{"taxonomy":"post_tag","embeddable":true,"href":"https:\/\/www.saloanoticias.com\/v1\/wp-json\/wp\/v2\/tags?post=19097"}],"curies":[{"name":"wp","href":"https:\/\/api.w.org\/{rel}","templated":true}]}}