{"id":1878,"date":"2015-06-11T00:55:36","date_gmt":"2015-06-11T00:55:36","guid":{"rendered":"https:\/\/saloanoticias.mrmediaweb.com\/v1\/2015\/06\/11\/votacao-da-maioridade-penal-e-adiada-depois-de-muita-briga\/"},"modified":"2015-06-11T00:55:36","modified_gmt":"2015-06-11T00:55:36","slug":"votacao-da-maioridade-penal-e-adiada-depois-de-muita-briga","status":"publish","type":"post","link":"https:\/\/www.saloanoticias.com\/v1\/votacao-da-maioridade-penal-e-adiada-depois-de-muita-briga\/","title":{"rendered":"VOTA\u00c7\u00c3O DA MAIORIDADE PENAL \u00c9 ADIADA DEPOIS DE MUITA BRIGA"},"content":{"rendered":"<p align=\"justify\"><font size=\"3\" face=\"Arial\"><a href=\"http:\/\/www.saloanoticias.com\/images\/10502169_852115671520668_2912989967333576558_n_d22a927a6ff078494b3b8fa1337cf98e.jpg\"><img loading=\"lazy\" decoding=\"async\" title=\"10502169_852115671520668_2912989967333576558_n\" style=\"border-top: 0px; border-right: 0px; background-image: none; border-bottom: 0px; float: left; padding-top: 0px; padding-left: 0px; margin: 5px 5px 0px 0px; border-left: 0px; display: inline; padding-right: 0px\" border=\"0\" alt=\"10502169_852115671520668_2912989967333576558_n\" src=\"http:\/\/www.saloanoticias.com\/v1\/wp-content\/uploads\/imagens\/10502169_852115671520668_2912989967333576558_n_thumb_6064e3bcf96c739a5e3a3d07df2d0784.jpg\" width=\"239\" align=\"left\" height=\"201\"><\/a>Ap\u00f3s confus\u00e3o na comiss\u00e3o da maioridade penal desta quarta-feira (10), que teve uso de spray de pimenta, o presidente da C\u00e2mara dos Deputados, Eduardo Cunha (PMDB-RJ), classificou o epis\u00f3dio como \u201cinadmiss\u00edvel\u201d e anunciou que vai proibir o acesso do p\u00fablico nas sess\u00f5es do colegiado. O tumulto na sess\u00e3o acabou adiando a vota\u00e7\u00e3o do relat\u00f3rio apresentado pelo deputado Laerte Bessa (PR-DF), que reduz de 18 para 16 anos a idade m\u00ednima para que uma pessoa seja punida criminalmente por cometer delitos.<\/font> <\/p>\n<p align=\"justify\"><font size=\"3\" face=\"Arial\">\u201cA partir de agora, todas as reuni\u00f5es da maioridade ser\u00e3o restritas aos parlamentares. N\u00e3o ter\u00e3o mais plateia, visto que \u00e9 um grupo organizado que est\u00e1 querendo impedir os parlamentares de debater e exercerem seu direito\u201d, afirmou Cunha. <\/font><font size=\"3\" face=\"Arial\">Ele ponderou que situa\u00e7\u00f5es como a ocorrida colocam em risco a seguran\u00e7a dos pr\u00f3prios deputados. \u201c\u00c9 uma bagun\u00e7a que n\u00e3o podemos permitir\u201d, disse. <\/font><font size=\"3\" face=\"Arial\">A reuni\u00e3o desta quarta foi acompanhada por integrantes da Uni\u00e3o Nacional dos Estudantes Secundaristas (UBES) e da Uni\u00e3o Nacional dos Estudantes (UNE), que no in\u00edcio gritaram palavras de ordem como \u201cN\u00e3o, N\u00e3o, N\u00e3o \u00e0 redu\u00e7\u00e3o!\u201d.<\/font> <\/p>\n<p align=\"justify\"><font size=\"3\" face=\"Arial\">Diante das manifesta\u00e7\u00f5es em plen\u00e1rio, deputados favor\u00e1veis ao texto pediram que os jovens fossem retirados, porque estariam &#8220;pressionando&#8221; os parlamentares. Os estudantes, ent\u00e3o, vaiaram a sugest\u00e3o, o que fez com que o presidente da comiss\u00e3o, Andr\u00e9 Moura (PSC-CE), pedisse a sa\u00edda deles do plen\u00e1rio. <\/font><font size=\"3\" face=\"Arial\">Irritados, os jovens decidiram invadir o plen\u00e1rio da comiss\u00e3o especial, furaram o bloqueio da seguran\u00e7a e ocuparam os espa\u00e7os onde ficam os deputados. Alguns chegaram a subir nas mesas e gritando: &#8220;A Casa \u00e9 do povo, a Casa \u00e9 do povo!&#8221; e &#8220;Para estudante, n\u00e3o! Pol\u00edcia \u00e9 para ladr\u00e3o&#8221;.<\/font> <\/p>\n<p align=\"justify\"><font size=\"3\" face=\"Arial\">Quando o presidente da comiss\u00e3o pediu refor\u00e7o de seguran\u00e7as, os manifestantes entoaram: &#8220;Fascista!, Fascista&#8221;. Em raz\u00e3o do tumulto, os deputados decidiram deslocar a reuni\u00e3o da comiss\u00e3o para outro plen\u00e1rio da C\u00e2mara. <\/font><font size=\"3\" face=\"Arial\">Durante a sa\u00edda dos deputados, um grupo de manifestantes tentou deixar o plen\u00e1rio por uma das portas e foi impedido. Eles tentaram furar o bloqueio da Pol\u00edcia Legislativa e foram atingidos por spray de pimenta. <\/font><font size=\"3\" face=\"Arial\">Sobre o uso de spray de pimenta pela Pol\u00edcia Legislativa, o presidente da Casa destacou que os policias t\u00eam autonomia para proteger os parlamentares e que, se tiver tido algum excesso, essas pessoas ter\u00e3o que responder por isso. \u201cQuem errou e cometeu deslizes ser\u00e1 punido\u201d, avisou, acrescentando que determinou a apura\u00e7\u00e3o dos fatos. Seis pessoas chegaram a ser atendidas no departamento m\u00e9dico da C\u00e2mara.<\/font><\/p>\n<div style=\"margin-top: 0px; margin-bottom: 0px;\" class=\"sharethis-inline-share-buttons\" ><\/div>","protected":false},"excerpt":{"rendered":"<p>Ap\u00f3s confus\u00e3o na comiss\u00e3o da maioridade penal desta quarta-feira (10), que teve uso de spray de pimenta, o presidente da C\u00e2mara dos Deputados, Eduardo Cunha (PMDB-RJ), classificou o epis\u00f3dio como \u201cinadmiss\u00edvel\u201d e anunciou que vai proibir o acesso do p\u00fablico nas sess\u00f5es do colegiado. O tumulto na sess\u00e3o acabou adiando a vota\u00e7\u00e3o do relat\u00f3rio apresentado [&hellip;]<\/p>\n","protected":false},"author":1,"featured_media":0,"comment_status":"open","ping_status":"open","sticky":false,"template":"","format":"standard","meta":{"footnotes":""},"categories":[2],"tags":[],"class_list":["post-1878","post","type-post","status-publish","format-standard","hentry","category-noticias-do-dia"],"_links":{"self":[{"href":"https:\/\/www.saloanoticias.com\/v1\/wp-json\/wp\/v2\/posts\/1878","targetHints":{"allow":["GET"]}}],"collection":[{"href":"https:\/\/www.saloanoticias.com\/v1\/wp-json\/wp\/v2\/posts"}],"about":[{"href":"https:\/\/www.saloanoticias.com\/v1\/wp-json\/wp\/v2\/types\/post"}],"author":[{"embeddable":true,"href":"https:\/\/www.saloanoticias.com\/v1\/wp-json\/wp\/v2\/users\/1"}],"replies":[{"embeddable":true,"href":"https:\/\/www.saloanoticias.com\/v1\/wp-json\/wp\/v2\/comments?post=1878"}],"version-history":[{"count":0,"href":"https:\/\/www.saloanoticias.com\/v1\/wp-json\/wp\/v2\/posts\/1878\/revisions"}],"wp:attachment":[{"href":"https:\/\/www.saloanoticias.com\/v1\/wp-json\/wp\/v2\/media?parent=1878"}],"wp:term":[{"taxonomy":"category","embeddable":true,"href":"https:\/\/www.saloanoticias.com\/v1\/wp-json\/wp\/v2\/categories?post=1878"},{"taxonomy":"post_tag","embeddable":true,"href":"https:\/\/www.saloanoticias.com\/v1\/wp-json\/wp\/v2\/tags?post=1878"}],"curies":[{"name":"wp","href":"https:\/\/api.w.org\/{rel}","templated":true}]}}