{"id":1877,"date":"2015-06-09T21:39:09","date_gmt":"2015-06-09T21:39:09","guid":{"rendered":"https:\/\/saloanoticias.mrmediaweb.com\/v1\/2015\/06\/09\/juiz-de-saloa-acata-acao-do-mp-e-suspende-concurso\/"},"modified":"2015-06-09T21:39:09","modified_gmt":"2015-06-09T21:39:09","slug":"juiz-de-saloa-acata-acao-do-mp-e-suspende-concurso","status":"publish","type":"post","link":"https:\/\/www.saloanoticias.com\/v1\/juiz-de-saloa-acata-acao-do-mp-e-suspende-concurso\/","title":{"rendered":"JUIZ DE SALO\u00c1\/PE ACEITOU A\u00c7\u00c3O DO MP E SUSPENDEU DIVULGA\u00c7\u00c3O DE RESULTADOS DO CONCURSO P\u00daBLICO"},"content":{"rendered":"<p align=\"justify\"><font size=\"3\" face=\"Arial\"><a href=\"http:\/\/www.saloanoticias.com\/images\/22515_848525598546342_4081641692210713697_n_155fb4a5b86d6db31b967d464285f318.jpg\"><img loading=\"lazy\" decoding=\"async\" title=\"22515_848525598546342_4081641692210713697_n\" style=\"border-top: 0px; border-right: 0px; background-image: none; border-bottom: 0px; float: none; padding-top: 0px; padding-left: 0px; margin: 0px auto 10px; border-left: 0px; display: block; padding-right: 0px\" border=\"0\" alt=\"22515_848525598546342_4081641692210713697_n\" src=\"http:\/\/www.saloanoticias.com\/v1\/wp-content\/uploads\/imagens\/22515_848525598546342_4081641692210713697_n_thumb_f8821903a7435652b241b1cb7f004cbe.jpg\" width=\"492\" height=\"367\"><\/a>O Juiz de Direito da Comarca de Salo\u00e1, Dr. R\u00f4mulo Macedo Bastos, acatou o pedido do Minist\u00e9rio P\u00fablico local, atrav\u00e9s da A\u00e7\u00e3o Cautelar Preparat\u00f3ria de A\u00e7\u00e3o Civil P\u00fablica, que determinava que a ADM&amp;TEC (Instituto de Administra\u00e7\u00e3o e Tecnologia), organizadora do concurso da Prefeitura de Salo\u00e1, n\u00e3o divulgasse qualquer resultado do referido concurso at\u00e9 que as investiga\u00e7\u00f5es ministeriais fossem conclu\u00eddas. <\/font><font size=\"3\" face=\"Arial\">A decis\u00e3o do juiz de Direito da Comarca de Salo\u00e1, foi publicada no Di\u00e1rio do TJPE desta ter\u00e7a-feira (09), a decis\u00e3o foi emitida na \u00faltima sexta-feira (05).<\/font> <\/p>\n<p align=\"justify\"><font size=\"3\" face=\"Arial\">Segundo a decis\u00e3o judicial as investiga\u00e7\u00f5es acerca do concurso p\u00fablico de Salo\u00e1, podem durar at\u00e9 60 dias, ficaram intimados no processo o instituto ADM&amp;TEC, a Prefeitura de Salo\u00e1 e todos os candidatos do certame, que dentro do prazo podem contribuir com as investiga\u00e7\u00f5es.<\/font> <\/p>\n<p align=\"justify\"><b><font size=\"3\" face=\"Arial\">O Doutor R\u00f4mulo Macedo Bastos, Juiz de Direito, <\/font><\/b><i><font size=\"3\" face=\"Arial\">\u201cFAZ SABER aos Candidatos do Concurso P\u00fablico desenvolvido pela Prefeitura Municipal de Salo\u00e1-PE atrav\u00e9s do Instituto de Administra\u00e7\u00e3o e Tecnologia \u2013 ADM&amp;TEC, que, neste Ju\u00edzo de Direito, situado \u00e0 R 21 DE ABRIL, s\/n &#8211; Centro Salo\u00e1\/PE, Telefone: (87) 3782.1918, tramita a A\u00e7\u00e3o Cautelar Preparat\u00f3ria de A\u00e7\u00e3o Civil P\u00fablica, sob o n\u00ba 442-89.2015.8.17.1230, proposta pelo Minist\u00e9rio P\u00fablico do Estado De Pernambuco, em desfavor de Instituto de Administra\u00e7\u00e3o e Tecnologia \u2013 ADM&amp;TEC.<\/font><\/i> <\/p>\n<p align=\"justify\"><i><font size=\"3\" face=\"Arial\">Assim, ficam os mesmos INTIMADOS do inteiro teor da Decis\u00e3o a seguir transcrita: \u201c&#8230;&nbsp; Decido.&nbsp; A medida cautelar atua como uma esp\u00e9cie de preven\u00e7\u00e3o contra o risco de dano imediato que afeta o interesse litigioso da parte e compromete a eventual efic\u00e1cia da tutela definitiva a ser alcan\u00e7ada no processo de m\u00e9rito. Fundamenta-se, portanto&#8230;\u201d Fonte: Blog do Carlos Eug\u00eanio<\/font><\/i><\/p>\n<div style=\"margin-top: 0px; margin-bottom: 0px;\" class=\"sharethis-inline-share-buttons\" ><\/div>","protected":false},"excerpt":{"rendered":"<p>O Juiz de Direito da Comarca de Salo\u00e1, Dr. R\u00f4mulo Macedo Bastos, acatou o pedido do Minist\u00e9rio P\u00fablico local, atrav\u00e9s da A\u00e7\u00e3o Cautelar Preparat\u00f3ria de A\u00e7\u00e3o Civil P\u00fablica, que determinava que a ADM&amp;TEC (Instituto de Administra\u00e7\u00e3o e Tecnologia), organizadora do concurso da Prefeitura de Salo\u00e1, n\u00e3o divulgasse qualquer resultado do referido concurso at\u00e9 que as [&hellip;]<\/p>\n","protected":false},"author":1,"featured_media":0,"comment_status":"open","ping_status":"open","sticky":false,"template":"","format":"standard","meta":{"footnotes":""},"categories":[2],"tags":[],"class_list":["post-1877","post","type-post","status-publish","format-standard","hentry","category-noticias-do-dia"],"_links":{"self":[{"href":"https:\/\/www.saloanoticias.com\/v1\/wp-json\/wp\/v2\/posts\/1877","targetHints":{"allow":["GET"]}}],"collection":[{"href":"https:\/\/www.saloanoticias.com\/v1\/wp-json\/wp\/v2\/posts"}],"about":[{"href":"https:\/\/www.saloanoticias.com\/v1\/wp-json\/wp\/v2\/types\/post"}],"author":[{"embeddable":true,"href":"https:\/\/www.saloanoticias.com\/v1\/wp-json\/wp\/v2\/users\/1"}],"replies":[{"embeddable":true,"href":"https:\/\/www.saloanoticias.com\/v1\/wp-json\/wp\/v2\/comments?post=1877"}],"version-history":[{"count":0,"href":"https:\/\/www.saloanoticias.com\/v1\/wp-json\/wp\/v2\/posts\/1877\/revisions"}],"wp:attachment":[{"href":"https:\/\/www.saloanoticias.com\/v1\/wp-json\/wp\/v2\/media?parent=1877"}],"wp:term":[{"taxonomy":"category","embeddable":true,"href":"https:\/\/www.saloanoticias.com\/v1\/wp-json\/wp\/v2\/categories?post=1877"},{"taxonomy":"post_tag","embeddable":true,"href":"https:\/\/www.saloanoticias.com\/v1\/wp-json\/wp\/v2\/tags?post=1877"}],"curies":[{"name":"wp","href":"https:\/\/api.w.org\/{rel}","templated":true}]}}