{"id":1876,"date":"2015-06-10T10:50:00","date_gmt":"2015-06-10T10:50:00","guid":{"rendered":"https:\/\/saloanoticias.mrmediaweb.com\/v1\/2015\/06\/10\/saloa-participa-de-conferencia-regional-dos-direitos-da-pessoa-idosa\/"},"modified":"2015-06-10T10:50:00","modified_gmt":"2015-06-10T10:50:00","slug":"saloa-participa-de-conferencia-regional-dos-direitos-da-pessoa-idosa","status":"publish","type":"post","link":"https:\/\/www.saloanoticias.com\/v1\/saloa-participa-de-conferencia-regional-dos-direitos-da-pessoa-idosa\/","title":{"rendered":"SALO\u00c1\/PE PARTICIPOU DA CONFER\u00caNCIA REGIONAL DOS DIREITOS DA PESSOA IDOSA"},"content":{"rendered":"<p align=\"justify\"><font size=\"3\" face=\"Arial\"><a href=\"http:\/\/www.saloanoticias.com\/images\/10639694_848525541879681_7527709347081952382_n_03cc4c8d0b246be7560319f3810c103a.jpg\"><img loading=\"lazy\" decoding=\"async\" title=\"10639694_848525541879681_7527709347081952382_n\" style=\"border-top: 0px; border-right: 0px; background-image: none; border-bottom: 0px; float: none; padding-top: 0px; padding-left: 0px; margin: 0px auto 10px; border-left: 0px; display: block; padding-right: 0px\" border=\"0\" alt=\"10639694_848525541879681_7527709347081952382_n\" src=\"http:\/\/www.saloanoticias.com\/v1\/wp-content\/uploads\/imagens\/10639694_848525541879681_7527709347081952382_n_thumb_8cc3310a11daeb63cd49a26788087bf9.jpg\" width=\"518\" height=\"339\"><\/a>No dia 05 de junho foi realizada no Semin\u00e1rio S\u00e3o Jos\u00e9 em Garanhuns, a III Confer\u00eancia Regional dos Direitos da Pessoa Idosa do Agreste Meridional, onde nove munic\u00edpios se fizeram presentes entre eles, Salo\u00e1, \u00c1guas Belas, Palmerina, Brej\u00e3o, Cachoeirinha, S\u00e3o Jo\u00e3o, entre outros. Momento \u00edmpar para nossos idosos reivindicarem seus direitos. Foram apresentados 4 eixos tem\u00e1ticos,onde em cada um, foram escolhidos 5 propostas para ser levadas por uma comiss\u00e3o para o VI F\u00f3rum Estadual da Pessoa Idosa em Recife.<\/font><\/p>\n<p><a href=\"http:\/\/www.saloanoticias.com\/images\/10502169_852115671520668_2912989967333576558_n_18c35b4345b07b04289eefb016d5c136.jpg\"><img loading=\"lazy\" decoding=\"async\" title=\"10502169_852115671520668_2912989967333576558_n\" style=\"border-top: 0px; border-right: 0px; background-image: none; border-bottom: 0px; float: none; padding-top: 0px; padding-left: 0px; margin: 10px auto; border-left: 0px; display: block; padding-right: 0px\" border=\"0\" alt=\"10502169_852115671520668_2912989967333576558_n\" src=\"http:\/\/www.saloanoticias.com\/v1\/wp-content\/uploads\/imagens\/10502169_852115671520668_2912989967333576558_n_thumb_c72d2cdf84e59b1f1e31f1df3bc85639.jpg\" width=\"522\" height=\"294\"><\/a><\/p>\n<p align=\"justify\"><font size=\"3\" face=\"Arial\">Parab\u00e9ns a todos os idosos destacando os de Salo\u00e1, que tiveram uma relevante participa\u00e7\u00e3o nas formula\u00e7\u00f5es de propostas. Foi um momento especial onde os idosos puderam lutar pelo protagonismo e Empoderamento da Pessoa Idosa.<\/font><\/p>\n<div style=\"margin-top: 0px; margin-bottom: 0px;\" class=\"sharethis-inline-share-buttons\" ><\/div>","protected":false},"excerpt":{"rendered":"<p>No dia 05 de junho foi realizada no Semin\u00e1rio S\u00e3o Jos\u00e9 em Garanhuns, a III Confer\u00eancia Regional dos Direitos da Pessoa Idosa do Agreste Meridional, onde nove munic\u00edpios se fizeram presentes entre eles, Salo\u00e1, \u00c1guas Belas, Palmerina, Brej\u00e3o, Cachoeirinha, S\u00e3o Jo\u00e3o, entre outros. Momento \u00edmpar para nossos idosos reivindicarem seus direitos. Foram apresentados 4 eixos [&hellip;]<\/p>\n","protected":false},"author":1,"featured_media":0,"comment_status":"open","ping_status":"open","sticky":false,"template":"","format":"standard","meta":{"footnotes":""},"categories":[2],"tags":[],"class_list":["post-1876","post","type-post","status-publish","format-standard","hentry","category-noticias-do-dia"],"_links":{"self":[{"href":"https:\/\/www.saloanoticias.com\/v1\/wp-json\/wp\/v2\/posts\/1876","targetHints":{"allow":["GET"]}}],"collection":[{"href":"https:\/\/www.saloanoticias.com\/v1\/wp-json\/wp\/v2\/posts"}],"about":[{"href":"https:\/\/www.saloanoticias.com\/v1\/wp-json\/wp\/v2\/types\/post"}],"author":[{"embeddable":true,"href":"https:\/\/www.saloanoticias.com\/v1\/wp-json\/wp\/v2\/users\/1"}],"replies":[{"embeddable":true,"href":"https:\/\/www.saloanoticias.com\/v1\/wp-json\/wp\/v2\/comments?post=1876"}],"version-history":[{"count":0,"href":"https:\/\/www.saloanoticias.com\/v1\/wp-json\/wp\/v2\/posts\/1876\/revisions"}],"wp:attachment":[{"href":"https:\/\/www.saloanoticias.com\/v1\/wp-json\/wp\/v2\/media?parent=1876"}],"wp:term":[{"taxonomy":"category","embeddable":true,"href":"https:\/\/www.saloanoticias.com\/v1\/wp-json\/wp\/v2\/categories?post=1876"},{"taxonomy":"post_tag","embeddable":true,"href":"https:\/\/www.saloanoticias.com\/v1\/wp-json\/wp\/v2\/tags?post=1876"}],"curies":[{"name":"wp","href":"https:\/\/api.w.org\/{rel}","templated":true}]}}