{"id":1875,"date":"2015-06-08T15:40:00","date_gmt":"2015-06-08T15:40:00","guid":{"rendered":"https:\/\/saloanoticias.mrmediaweb.com\/v1\/2015\/06\/08\/parada-gay-zomba-mais-uma-vez-da-fe-crista-diz-deputado\/"},"modified":"2015-06-08T15:40:00","modified_gmt":"2015-06-08T15:40:00","slug":"parada-gay-zomba-mais-uma-vez-da-fe-crista-diz-deputado","status":"publish","type":"post","link":"https:\/\/www.saloanoticias.com\/v1\/parada-gay-zomba-mais-uma-vez-da-fe-crista-diz-deputado\/","title":{"rendered":"PARADA GAY ZOMBOU MAIS UMA VEZ DA F\u00c9 CRIST\u00c3 E REVOLTA RELIGIOSOS"},"content":{"rendered":"<p align=\"justify\"><font size=\"3\" face=\"Arial\"><a href=\"http:\/\/www.saloanoticias.com\/images\/10502169_852115671520668_2912989967333576558_n_e425a4de071668b60f2d35875dfec593.jpg\"><img loading=\"lazy\" decoding=\"async\" title=\"10502169_852115671520668_2912989967333576558_n\" style=\"border-top: 0px; border-right: 0px; background-image: none; border-bottom: 0px; float: none; padding-top: 0px; padding-left: 0px; margin: 0px auto 10px; border-left: 0px; display: block; padding-right: 0px\" border=\"0\" alt=\"10502169_852115671520668_2912989967333576558_n\" src=\"http:\/\/www.saloanoticias.com\/v1\/wp-content\/uploads\/imagens\/10502169_852115671520668_2912989967333576558_n_thumb_ee9d24f6ac563c2cd3f319b94790d0a0.jpg\" width=\"547\" height=\"342\"><\/a>A Parada Gay, que foi realizada neste domingo, dia 7, em S\u00e3o Paulo, foi palco novamente da Cristofobia, onde os l\u00edderes do movimento LGBTS &#8211; AMPLAMENTE PATROCINADOS PELO GOVERNO BRASILEIRO -, externaram de novo o seu preconceito contra os cat\u00f3licos e evang\u00e9licos com cenas dignas de \u00e2nsia de v\u00f4mito. O deputado federal, Pastor Marco Feliciano (PSC), usou seu perfil no facebook para demonstrar a sua revolta com a atrocidade ocorrida.<\/font><\/p>\n<p align=\"justify\"><a href=\"http:\/\/www.saloanoticias.com\/images\/22515_848525598546342_4081641692210713697_n_293bb17bf0018299cb2acb7c38976298.jpg\"><img loading=\"lazy\" decoding=\"async\" title=\"22515_848525598546342_4081641692210713697_n\" style=\"border-top: 0px; border-right: 0px; background-image: none; border-bottom: 0px; float: none; padding-top: 0px; padding-left: 0px; margin-left: auto; border-left: 0px; display: block; padding-right: 0px; margin-right: auto\" border=\"0\" alt=\"22515_848525598546342_4081641692210713697_n\" src=\"http:\/\/www.saloanoticias.com\/v1\/wp-content\/uploads\/imagens\/22515_848525598546342_4081641692210713697_n_thumb_3a4780d660a752836b551fd5286487db.jpg\" width=\"541\" height=\"338\"><\/a><\/p>\n<p align=\"justify\"><font size=\"3\" face=\"Arial\">Isto pode? Esta blasf\u00eamia pode ? Profanar nossa f\u00e9 pode ? Debochar de s\u00edmbolos sagrados publicamente pode ? CRISTOFOBIA PODE ? Perceberam os patrocinadores ? PETROBRAS &#8211; PREFEITURA DE SP PT \u2013 CAIXA \u00d3rg\u00e3os ligados ao Governo Comunista Brasileiro. Disse o deputado.<\/font><\/p>\n<div style=\"margin-top: 0px; margin-bottom: 0px;\" class=\"sharethis-inline-share-buttons\" ><\/div>","protected":false},"excerpt":{"rendered":"<p>A Parada Gay, que foi realizada neste domingo, dia 7, em S\u00e3o Paulo, foi palco novamente da Cristofobia, onde os l\u00edderes do movimento LGBTS &#8211; AMPLAMENTE PATROCINADOS PELO GOVERNO BRASILEIRO -, externaram de novo o seu preconceito contra os cat\u00f3licos e evang\u00e9licos com cenas dignas de \u00e2nsia de v\u00f4mito. O deputado federal, Pastor Marco Feliciano [&hellip;]<\/p>\n","protected":false},"author":1,"featured_media":0,"comment_status":"open","ping_status":"open","sticky":false,"template":"","format":"standard","meta":{"footnotes":""},"categories":[2],"tags":[],"class_list":["post-1875","post","type-post","status-publish","format-standard","hentry","category-noticias-do-dia"],"_links":{"self":[{"href":"https:\/\/www.saloanoticias.com\/v1\/wp-json\/wp\/v2\/posts\/1875","targetHints":{"allow":["GET"]}}],"collection":[{"href":"https:\/\/www.saloanoticias.com\/v1\/wp-json\/wp\/v2\/posts"}],"about":[{"href":"https:\/\/www.saloanoticias.com\/v1\/wp-json\/wp\/v2\/types\/post"}],"author":[{"embeddable":true,"href":"https:\/\/www.saloanoticias.com\/v1\/wp-json\/wp\/v2\/users\/1"}],"replies":[{"embeddable":true,"href":"https:\/\/www.saloanoticias.com\/v1\/wp-json\/wp\/v2\/comments?post=1875"}],"version-history":[{"count":0,"href":"https:\/\/www.saloanoticias.com\/v1\/wp-json\/wp\/v2\/posts\/1875\/revisions"}],"wp:attachment":[{"href":"https:\/\/www.saloanoticias.com\/v1\/wp-json\/wp\/v2\/media?parent=1875"}],"wp:term":[{"taxonomy":"category","embeddable":true,"href":"https:\/\/www.saloanoticias.com\/v1\/wp-json\/wp\/v2\/categories?post=1875"},{"taxonomy":"post_tag","embeddable":true,"href":"https:\/\/www.saloanoticias.com\/v1\/wp-json\/wp\/v2\/tags?post=1875"}],"curies":[{"name":"wp","href":"https:\/\/api.w.org\/{rel}","templated":true}]}}