{"id":1873,"date":"2015-06-08T22:00:00","date_gmt":"2015-06-08T22:00:00","guid":{"rendered":"https:\/\/saloanoticias.mrmediaweb.com\/v1\/2015\/06\/08\/em-deus-sempre-ha-esperanca\/"},"modified":"2015-06-08T22:00:00","modified_gmt":"2015-06-08T22:00:00","slug":"em-deus-sempre-ha-esperanca","status":"publish","type":"post","link":"https:\/\/www.saloanoticias.com\/v1\/em-deus-sempre-ha-esperanca\/","title":{"rendered":"EM DEUS SEMPRE H\u00c1 ESPERAN\u00c7A !"},"content":{"rendered":"<p align=\"justify\"><font size=\"3\" face=\"Arial\"><a href=\"http:\/\/www.saloanoticias.com\/images\/missionrio-anderson-silva_915d6e7b2350fbc9b8baf40ca5bd87ee.jpg\"><img loading=\"lazy\" decoding=\"async\" title=\"Mission&aacute;rio Anderson Silva\" style=\"border-top: 0px; border-right: 0px; background-image: none; border-bottom: 0px; float: left; padding-top: 0px; padding-left: 0px; margin: 5px 5px 0px 0px; border-left: 0px; display: inline; padding-right: 0px\" border=\"0\" alt=\"Mission&aacute;rio Anderson Silva\" src=\"http:\/\/www.saloanoticias.com\/v1\/wp-content\/uploads\/imagens\/missionrio-anderson-silva_thumb_69a37f824ed37134697a534eb32abf2a.jpg\" width=\"283\" align=\"left\" height=\"196\"><\/a>PELO MISSION\u00c1RIO ANDERSON SILVA: Vivemos dias de grande instabilidade social, financeira, pol\u00edtica, etc., e as previs\u00f5es noticiadas diariamente parecem ainda n\u00e3o ser das melhores. Para muitos, \u00e9 quase que uma utopia acreditar em um futuro melhor para a sociedade. Para os que pensam assim, gostaria de incentiv\u00e1-lo a cultivar a esperan\u00e7a em Deus. A B\u00edblia diz: \u201cN\u00e3o temer\u00e1 maus rumores; o seu cora\u00e7\u00e3o est\u00e1 firme, confiando no Senhor\u201d. Salmos 112:7. <\/font><font size=\"3\" face=\"Arial\">\u00c9 bem verdade que na maioria das situa\u00e7\u00f5es somos levados a uma sensa\u00e7\u00e3o de incredulidade generalizada, o que n\u00e3o melhora absolutamente em nada a nossa situa\u00e7\u00e3o para com as crises iminentes.<\/font>  <\/p>\n<p align=\"justify\"><font size=\"3\" face=\"Arial\">Se para alguns viver de esperan\u00e7a ainda sim, n\u00e3o melhora os nossos dias, n\u00e3o ter esperan\u00e7a certamente piora ainda mais as coisas. Por\u00e9m, alimentar uma esperan\u00e7a apenas no sistema governamental, em pol\u00edticas p\u00fablicas, em reformas nas leis do pa\u00eds, etc., cedo ou tarde nos levar\u00e1 h\u00e1 um conflito de esperan\u00e7a novamente, pois sempre ser\u00e1 algo tempor\u00e1rio. Por isso que \u00e9 fundamental e indispens\u00e1vel estabelecer nossa esperan\u00e7a em Deus e no seu amor.<\/font>  <\/p>\n<p align=\"justify\"><font size=\"3\" face=\"Arial\">(Leia Salmos 37) \u00c9 poss\u00edvel viver em paz e com o cora\u00e7\u00e3o fortalecido por uma esperan\u00e7a duradoura, porque em Deus sempre h\u00e1 esperan\u00e7a, de dias melhores e renovados diariamente pelo pr\u00f3prio Deus. A B\u00edblia diz: \u201cPorque o Senhor ser\u00e1 a tua esperan\u00e7a; guardar\u00e1 os teus p\u00e9s de serem capturados\u201d. Prov\u00e9rbios 3:26. <\/font><font size=\"3\" face=\"Arial\">Meu abra\u00e7o e minhas ora\u00e7\u00f5es para que voc\u00ea encontre e possa viver essa esperan\u00e7a em Deus. <\/font><font size=\"3\" face=\"Arial\">Mission\u00e1rio Anderson Silva \u00e9 casado com Rebeca e pai de Sarah e Samuel, Ministro do Evangelho na Igreja de Cristo Pentecostal na cidade de Salo\u00e1\/PE.<\/font><\/p>\n<div style=\"margin-top: 0px; margin-bottom: 0px;\" class=\"sharethis-inline-share-buttons\" ><\/div>","protected":false},"excerpt":{"rendered":"<p>PELO MISSION\u00c1RIO ANDERSON SILVA: Vivemos dias de grande instabilidade social, financeira, pol\u00edtica, etc., e as previs\u00f5es noticiadas diariamente parecem ainda n\u00e3o ser das melhores. Para muitos, \u00e9 quase que uma utopia acreditar em um futuro melhor para a sociedade. Para os que pensam assim, gostaria de incentiv\u00e1-lo a cultivar a esperan\u00e7a em Deus. A B\u00edblia [&hellip;]<\/p>\n","protected":false},"author":1,"featured_media":0,"comment_status":"open","ping_status":"open","sticky":false,"template":"","format":"standard","meta":{"footnotes":""},"categories":[2],"tags":[],"class_list":["post-1873","post","type-post","status-publish","format-standard","hentry","category-noticias-do-dia"],"_links":{"self":[{"href":"https:\/\/www.saloanoticias.com\/v1\/wp-json\/wp\/v2\/posts\/1873","targetHints":{"allow":["GET"]}}],"collection":[{"href":"https:\/\/www.saloanoticias.com\/v1\/wp-json\/wp\/v2\/posts"}],"about":[{"href":"https:\/\/www.saloanoticias.com\/v1\/wp-json\/wp\/v2\/types\/post"}],"author":[{"embeddable":true,"href":"https:\/\/www.saloanoticias.com\/v1\/wp-json\/wp\/v2\/users\/1"}],"replies":[{"embeddable":true,"href":"https:\/\/www.saloanoticias.com\/v1\/wp-json\/wp\/v2\/comments?post=1873"}],"version-history":[{"count":0,"href":"https:\/\/www.saloanoticias.com\/v1\/wp-json\/wp\/v2\/posts\/1873\/revisions"}],"wp:attachment":[{"href":"https:\/\/www.saloanoticias.com\/v1\/wp-json\/wp\/v2\/media?parent=1873"}],"wp:term":[{"taxonomy":"category","embeddable":true,"href":"https:\/\/www.saloanoticias.com\/v1\/wp-json\/wp\/v2\/categories?post=1873"},{"taxonomy":"post_tag","embeddable":true,"href":"https:\/\/www.saloanoticias.com\/v1\/wp-json\/wp\/v2\/tags?post=1873"}],"curies":[{"name":"wp","href":"https:\/\/api.w.org\/{rel}","templated":true}]}}