{"id":1872,"date":"2015-06-09T18:00:00","date_gmt":"2015-06-09T18:00:00","guid":{"rendered":"https:\/\/saloanoticias.mrmediaweb.com\/v1\/2015\/06\/09\/viagens-para-recife-maceio-e-caruaru\/"},"modified":"2015-06-09T18:00:00","modified_gmt":"2015-06-09T18:00:00","slug":"viagens-para-recife-maceio-e-caruaru","status":"publish","type":"post","link":"https:\/\/www.saloanoticias.com\/v1\/viagens-para-recife-maceio-e-caruaru\/","title":{"rendered":"VIAGENS PARA RECIFE, MACEI\u00d3 E CARUARU"},"content":{"rendered":"<p align=\"justify\"><font size=\"3\" face=\"Arial\"><a href=\"http:\/\/www.saloanoticias.com\/images\/ir_14a2e90e3d15aa515932097ecee34b73.png\"><img loading=\"lazy\" decoding=\"async\" title=\"IR\" style=\"border-top: 0px; border-right: 0px; background-image: none; border-bottom: 0px; float: left; padding-top: 0px; padding-left: 0px; margin: 5px 5px 0px 0px; border-left: 0px; display: inline; padding-right: 0px\" border=\"0\" alt=\"IR\" src=\"http:\/\/www.saloanoticias.com\/v1\/wp-content\/uploads\/imagens\/ir_thumb_d8e29b42fe44c6a6b7e98a5f25d7c5ca.png\" width=\"321\" align=\"left\" height=\"169\"><\/a>Agora voc\u00ea tem mais uma op\u00e7\u00e3o para viajar para Recife, Macei\u00f3 e Caruaru atrav\u00e9s de um transporte alternativo e com muito conforto. S\u00e3o dois motoristas da mais alta compet\u00eancia e responsabilidade, com v\u00e1rios anos de experi\u00eancia. Fale agora mesmo com o irm\u00e3o Nem de Maria de Chico ou com o Irm\u00e3o Ademilson, atrav\u00e9s dos telefones <strong><font size=\"2\">(87)<\/font><\/strong> <strong><font size=\"4\">8137-2233<\/font><\/strong> e <font size=\"2\"><strong>(87)<\/strong><\/font> <strong><font size=\"4\">8116-9222<\/font><\/strong>. Fazemos viagens r\u00e1pidas e seguras com carros novos e confort\u00e1veis. Ligue agora mesmo e confira o que estamos anunciando !<\/font><\/p>\n<div style=\"margin-top: 0px; margin-bottom: 0px;\" class=\"sharethis-inline-share-buttons\" ><\/div>","protected":false},"excerpt":{"rendered":"<p>Agora voc\u00ea tem mais uma op\u00e7\u00e3o para viajar para Recife, Macei\u00f3 e Caruaru atrav\u00e9s de um transporte alternativo e com muito conforto. S\u00e3o dois motoristas da mais alta compet\u00eancia e responsabilidade, com v\u00e1rios anos de experi\u00eancia. Fale agora mesmo com o irm\u00e3o Nem de Maria de Chico ou com o Irm\u00e3o Ademilson, atrav\u00e9s dos telefones [&hellip;]<\/p>\n","protected":false},"author":1,"featured_media":0,"comment_status":"open","ping_status":"open","sticky":false,"template":"","format":"standard","meta":{"footnotes":""},"categories":[2],"tags":[],"class_list":["post-1872","post","type-post","status-publish","format-standard","hentry","category-noticias-do-dia"],"_links":{"self":[{"href":"https:\/\/www.saloanoticias.com\/v1\/wp-json\/wp\/v2\/posts\/1872","targetHints":{"allow":["GET"]}}],"collection":[{"href":"https:\/\/www.saloanoticias.com\/v1\/wp-json\/wp\/v2\/posts"}],"about":[{"href":"https:\/\/www.saloanoticias.com\/v1\/wp-json\/wp\/v2\/types\/post"}],"author":[{"embeddable":true,"href":"https:\/\/www.saloanoticias.com\/v1\/wp-json\/wp\/v2\/users\/1"}],"replies":[{"embeddable":true,"href":"https:\/\/www.saloanoticias.com\/v1\/wp-json\/wp\/v2\/comments?post=1872"}],"version-history":[{"count":0,"href":"https:\/\/www.saloanoticias.com\/v1\/wp-json\/wp\/v2\/posts\/1872\/revisions"}],"wp:attachment":[{"href":"https:\/\/www.saloanoticias.com\/v1\/wp-json\/wp\/v2\/media?parent=1872"}],"wp:term":[{"taxonomy":"category","embeddable":true,"href":"https:\/\/www.saloanoticias.com\/v1\/wp-json\/wp\/v2\/categories?post=1872"},{"taxonomy":"post_tag","embeddable":true,"href":"https:\/\/www.saloanoticias.com\/v1\/wp-json\/wp\/v2\/tags?post=1872"}],"curies":[{"name":"wp","href":"https:\/\/api.w.org\/{rel}","templated":true}]}}