{"id":1871,"date":"2015-06-08T18:00:00","date_gmt":"2015-06-08T18:00:00","guid":{"rendered":"https:\/\/saloanoticias.mrmediaweb.com\/v1\/2015\/06\/08\/nota-de-falecimento-maria-marlene-dias-de-araujo-conhecida-por-leninha\/"},"modified":"2015-06-08T18:00:00","modified_gmt":"2015-06-08T18:00:00","slug":"nota-de-falecimento-maria-marlene-dias-de-araujo-conhecida-por-leninha","status":"publish","type":"post","link":"https:\/\/www.saloanoticias.com\/v1\/nota-de-falecimento-maria-marlene-dias-de-araujo-conhecida-por-leninha\/","title":{"rendered":"NOTA DE FALECIMENTO: MARIA MARLENE DIAS DE ARA\u00daJO, CONHECIDA POR LENINHA"},"content":{"rendered":"<p align=\"justify\"><font size=\"3\" face=\"Arial\"><a href=\"http:\/\/www.saloanoticias.com\/images\/nota-de-falecimento_44e841ba9a25247e3c01f7eed1d61a69.png\"><img loading=\"lazy\" decoding=\"async\" title=\"Nota de Falecimento\" style=\"border-left-width: 0px; border-right-width: 0px; background-image: none; border-bottom-width: 0px; float: left; padding-top: 0px; padding-left: 0px; margin: 5px 5px 0px 0px; display: inline; padding-right: 0px; border-top-width: 0px\" border=\"0\" alt=\"Nota de Falecimento\" src=\"http:\/\/www.saloanoticias.com\/v1\/wp-content\/uploads\/imagens\/nota-de-falecimento_thumb_9822a98147d367078e633ff3257f13ba.png\" width=\"272\" align=\"left\" height=\"170\"><\/a>\u00c9 com muito pesar que informamos sobre a morte de Maria Marlene Dias de Ara\u00fajo, mais conhecida por Leninha. Neste momento de dor e consterna\u00e7\u00e3o, s\u00f3 nos cabe pedir a Deus que lhe ilumine e lhe d\u00ea paz, e que Deus d\u00ea conforto \u00e0 sua fam\u00edlia para que possam enfrentar esta imensur\u00e1vel dor com serenidade. \u00c9 com este sentimento que o esposo Jos\u00e9 Nicolau (Z\u00e9 Pequeno), as irm\u00e3s Quit\u00e9rinha, Gerson, Ednelson, Marlene, Sebasti\u00e3o e Luciene convidam a todos para comparecerem ao vel\u00f3rio que esta sendo realizado na resid\u00eancia da fam\u00edlia na Quadra K, n.\u00ba 08 na Cohab Nova, no centro de Salo\u00e1, pr\u00f3ximo ao Lava Jato do Nido.<\/font><\/p>\n<p align=\"justify\"><font size=\"3\" face=\"Arial\">Ela estava sofrendo de complica\u00e7\u00f5es de sa\u00fade e era sobrinha de Sebasti\u00e3o Bezerra e Quit\u00e9ria Ara\u00fajo de Freitas. O sepultamento acontecer\u00e1 \u00e0s 10:00 horas da manh\u00e3 desta ter\u00e7a-feira (9) no cemit\u00e9rio Santa Quit\u00e9ria em Salo\u00e1. <\/font><font size=\"3\" face=\"Arial\">Deixamos os nossos mais sinceros p\u00easames aos familiares e amigos.<\/font><\/p>\n<div style=\"margin-top: 0px; margin-bottom: 0px;\" class=\"sharethis-inline-share-buttons\" ><\/div>","protected":false},"excerpt":{"rendered":"<p>\u00c9 com muito pesar que informamos sobre a morte de Maria Marlene Dias de Ara\u00fajo, mais conhecida por Leninha. Neste momento de dor e consterna\u00e7\u00e3o, s\u00f3 nos cabe pedir a Deus que lhe ilumine e lhe d\u00ea paz, e que Deus d\u00ea conforto \u00e0 sua fam\u00edlia para que possam enfrentar esta imensur\u00e1vel dor com serenidade. [&hellip;]<\/p>\n","protected":false},"author":1,"featured_media":0,"comment_status":"open","ping_status":"open","sticky":false,"template":"","format":"standard","meta":{"footnotes":""},"categories":[2],"tags":[],"class_list":["post-1871","post","type-post","status-publish","format-standard","hentry","category-noticias-do-dia"],"_links":{"self":[{"href":"https:\/\/www.saloanoticias.com\/v1\/wp-json\/wp\/v2\/posts\/1871","targetHints":{"allow":["GET"]}}],"collection":[{"href":"https:\/\/www.saloanoticias.com\/v1\/wp-json\/wp\/v2\/posts"}],"about":[{"href":"https:\/\/www.saloanoticias.com\/v1\/wp-json\/wp\/v2\/types\/post"}],"author":[{"embeddable":true,"href":"https:\/\/www.saloanoticias.com\/v1\/wp-json\/wp\/v2\/users\/1"}],"replies":[{"embeddable":true,"href":"https:\/\/www.saloanoticias.com\/v1\/wp-json\/wp\/v2\/comments?post=1871"}],"version-history":[{"count":0,"href":"https:\/\/www.saloanoticias.com\/v1\/wp-json\/wp\/v2\/posts\/1871\/revisions"}],"wp:attachment":[{"href":"https:\/\/www.saloanoticias.com\/v1\/wp-json\/wp\/v2\/media?parent=1871"}],"wp:term":[{"taxonomy":"category","embeddable":true,"href":"https:\/\/www.saloanoticias.com\/v1\/wp-json\/wp\/v2\/categories?post=1871"},{"taxonomy":"post_tag","embeddable":true,"href":"https:\/\/www.saloanoticias.com\/v1\/wp-json\/wp\/v2\/tags?post=1871"}],"curies":[{"name":"wp","href":"https:\/\/api.w.org\/{rel}","templated":true}]}}