{"id":1869,"date":"2015-06-08T12:27:17","date_gmt":"2015-06-08T12:27:17","guid":{"rendered":"https:\/\/saloanoticias.mrmediaweb.com\/v1\/2015\/06\/08\/programacao-do-sao-joao-de-saloa-deve-sair-essa-semana\/"},"modified":"2015-06-08T12:27:17","modified_gmt":"2015-06-08T12:27:17","slug":"programacao-do-sao-joao-de-saloa-deve-sair-essa-semana","status":"publish","type":"post","link":"https:\/\/www.saloanoticias.com\/v1\/programacao-do-sao-joao-de-saloa-deve-sair-essa-semana\/","title":{"rendered":"PROGRAMA\u00c7\u00c3O DO S\u00c3O JO\u00c3O DE SALO\u00c1\/PE 2015 DEVE SAIR ESSA SEMANA"},"content":{"rendered":"<p align=\"justify\"><font size=\"3\" face=\"Arial\"><a href=\"http:\/\/www.saloanoticias.com\/images\/dsc_5618.jpg\"><img loading=\"lazy\" decoding=\"async\" title=\"DSC_5618\" style=\"border-top: 0px; border-right: 0px; background-image: none; border-bottom: 0px; float: none; padding-top: 0px; padding-left: 0px; margin: 0px auto 10px; border-left: 0px; display: block; padding-right: 0px\" border=\"0\" alt=\"DSC_5618\" src=\"http:\/\/www.saloanoticias.com\/v1\/wp-content\/uploads\/imagens\/dsc_5618_thumb.jpg\" width=\"514\" height=\"341\"><\/a>Existe uma grande expectativa por parte dos jovens do munic\u00edpio de Salo\u00e1 e da regi\u00e3o a respeito da programa\u00e7\u00e3o do S\u00e3o Jo\u00e3o 2015, que apesar da seca e dos problemas financeiros que atingem todas as prefeituras do pa\u00eds, o prefeito Ricardo j\u00e1 anunciou que vai realizar o evento, n\u00e3o com atra\u00e7\u00f5es que cobram cach\u00eas muito caros, mas com artistas de n\u00edvel regional. Em conversa com assessores da prefeitura, os mesmos nos informaram que ainda esta semana sair\u00e3o os nomes que se apresentar\u00e3o no \u201cArrai\u00e1 da Uni\u00e3o\u201d.<\/font><\/p>\n<p align=\"justify\"><font size=\"3\" face=\"Arial\">Este ano haver\u00e3o quatro dias de muito forr\u00f3, provavelmente nas datas 13, 23 e 27 de junho, al\u00e9m do dia 11 de julho que fechar\u00e1 os festejos no palho\u00e7\u00e3o do s\u00edtio Batinga na casa do Sr. Flores de Ta\u00e9, onde ser\u00e1 montada tamb\u00e9m uma grande estrutura de palco, som e ilumina\u00e7\u00e3o. Outra novidade deste ano \u00e9 a festa que acontecer\u00e1 na Serrinha da Prata, mas ainda n\u00e3o sabemos informar em qual dessas datas. Vamos aguardar o an\u00fancio que ser\u00e1 feito e publicaremos aqui no Salo\u00e1 Not\u00edcias em primeira m\u00e3o para todos.<\/font><\/p>\n<div style=\"margin-top: 0px; margin-bottom: 0px;\" class=\"sharethis-inline-share-buttons\" ><\/div>","protected":false},"excerpt":{"rendered":"<p>Existe uma grande expectativa por parte dos jovens do munic\u00edpio de Salo\u00e1 e da regi\u00e3o a respeito da programa\u00e7\u00e3o do S\u00e3o Jo\u00e3o 2015, que apesar da seca e dos problemas financeiros que atingem todas as prefeituras do pa\u00eds, o prefeito Ricardo j\u00e1 anunciou que vai realizar o evento, n\u00e3o com atra\u00e7\u00f5es que cobram cach\u00eas muito [&hellip;]<\/p>\n","protected":false},"author":1,"featured_media":0,"comment_status":"open","ping_status":"open","sticky":false,"template":"","format":"standard","meta":{"footnotes":""},"categories":[2],"tags":[],"class_list":["post-1869","post","type-post","status-publish","format-standard","hentry","category-noticias-do-dia"],"_links":{"self":[{"href":"https:\/\/www.saloanoticias.com\/v1\/wp-json\/wp\/v2\/posts\/1869","targetHints":{"allow":["GET"]}}],"collection":[{"href":"https:\/\/www.saloanoticias.com\/v1\/wp-json\/wp\/v2\/posts"}],"about":[{"href":"https:\/\/www.saloanoticias.com\/v1\/wp-json\/wp\/v2\/types\/post"}],"author":[{"embeddable":true,"href":"https:\/\/www.saloanoticias.com\/v1\/wp-json\/wp\/v2\/users\/1"}],"replies":[{"embeddable":true,"href":"https:\/\/www.saloanoticias.com\/v1\/wp-json\/wp\/v2\/comments?post=1869"}],"version-history":[{"count":0,"href":"https:\/\/www.saloanoticias.com\/v1\/wp-json\/wp\/v2\/posts\/1869\/revisions"}],"wp:attachment":[{"href":"https:\/\/www.saloanoticias.com\/v1\/wp-json\/wp\/v2\/media?parent=1869"}],"wp:term":[{"taxonomy":"category","embeddable":true,"href":"https:\/\/www.saloanoticias.com\/v1\/wp-json\/wp\/v2\/categories?post=1869"},{"taxonomy":"post_tag","embeddable":true,"href":"https:\/\/www.saloanoticias.com\/v1\/wp-json\/wp\/v2\/tags?post=1869"}],"curies":[{"name":"wp","href":"https:\/\/api.w.org\/{rel}","templated":true}]}}