{"id":1868,"date":"2015-06-09T12:13:00","date_gmt":"2015-06-09T12:13:00","guid":{"rendered":"https:\/\/saloanoticias.mrmediaweb.com\/v1\/2015\/06\/09\/assisao-canta-na-batinga\/"},"modified":"2015-06-09T12:13:00","modified_gmt":"2015-06-09T12:13:00","slug":"assisao-canta-na-batinga","status":"publish","type":"post","link":"https:\/\/www.saloanoticias.com\/v1\/assisao-canta-na-batinga\/","title":{"rendered":"CONFIRA A PROGRAMA\u00c7\u00c3O DO S\u00c3O JO\u00c3O DE SALO\u00c1 NESTE ANO DE 2015"},"content":{"rendered":"<p align=\"justify\"><font size=\"3\" face=\"Arial\"><a href=\"http:\/\/www.saloanoticias.com\/images\/dsc_0357.jpg\"><img loading=\"lazy\" decoding=\"async\" title=\"DSC_0357\" style=\"border-left-width: 0px; border-right-width: 0px; background-image: none; border-bottom-width: 0px; float: none; padding-top: 0px; padding-left: 0px; margin: 0px auto 10px; display: block; padding-right: 0px; border-top-width: 0px\" border=\"0\" alt=\"DSC_0357\" src=\"http:\/\/www.saloanoticias.com\/v1\/wp-content\/uploads\/imagens\/dsc_0357_thumb.jpg\" width=\"547\" height=\"417\"><\/a>Apesar das dificuldades financeiras enfrentadas por todos os munic\u00edpio brasileiros, e em especial os do Nordeste, que t\u00eam sofrido com uma grande seca, o prefeito de Salo\u00e1 foi em busca de apoio junto ao governo do estado para n\u00e3o deixar que o per\u00edodo junino passe em branco em seu munic\u00edpio. Vale destacar que poucos munic\u00edpio de Pernambuco ir\u00e3o realizar as festas e, os que conseguiram algum recurso, far\u00e3o eventos bem modestos.<\/font><\/p>\n<p align=\"justify\"><font size=\"3\" face=\"Arial\">Pelas informa\u00e7\u00f5es que tivemos, as verbas que s\u00e3o destinadas para esses fins foram reduzidas para menos da metade em todo o estado. Diante disso, mesmo com dificuldades, a prefeitura divulgou em primeira m\u00e3o ao Blog Salo\u00e1 Not\u00edcias a programa\u00e7\u00e3o do \u201cS\u00e3o Jo\u00e3o da Uni\u00e3o\u201d neste ano de 2015. Ser\u00e3o apenas tr\u00eas datas festivas, dentre elas os dias 23 e 28 de junho, al\u00e9m do dia 11 de julho. <\/font><font size=\"3\" face=\"Arial\">No dia 23 quem abre a festa \u00e9 a Banda Forr\u00f3 Vumbora e em seguida a Banda Renova\u00e7\u00e3o Nordestina. J\u00e1 no dia 28 quem abre \u00e9 a Banda Forr\u00f3 Soxote\u00e1 e finaliza a noite a Banda Forr\u00f3 na M\u00eddia.<\/font><\/p>\n<p align=\"justify\"><a href=\"http:\/\/www.saloanoticias.com\/images\/dsc_0360.jpg\"><img loading=\"lazy\" decoding=\"async\" title=\"DSC_0360\" style=\"border-left-width: 0px; border-right-width: 0px; background-image: none; border-bottom-width: 0px; float: none; padding-top: 0px; padding-left: 0px; margin: 10px auto; display: block; padding-right: 0px; border-top-width: 0px\" border=\"0\" alt=\"DSC_0360\" src=\"http:\/\/www.saloanoticias.com\/v1\/wp-content\/uploads\/imagens\/dsc_0360_thumb.jpg\" width=\"544\" height=\"320\"><\/a><\/p>\n<p align=\"justify\"><font size=\"3\" face=\"Arial\">No dia 11 de Julho, encerrando os festejos juninos do munic\u00edpio, que acontecer\u00e1 no s\u00edtio Batinga na resid\u00eancia do Senhor Flores de Ta\u00e9, quem abre \u00e9 o saloaense Chur\u00fa e, e em seguida, um dos maiores talentos do aut\u00eantico forr\u00f3 de raiz, o cantor e compositor pernambucano Assis\u00e3o completa \u00e0 noite. <\/font><font size=\"3\" face=\"Arial\">Seu estilo musical recebeu influ\u00eancias de grandes nomes da m\u00fasica nordestina, como Luiz Gonzaga e Jackson do Pandeiro. O artista possui um repert\u00f3rio com cerca de 700 m\u00fasicas gravadas.<\/font><\/p>\n<p align=\"justify\"><font size=\"3\" face=\"Arial\">As m\u00fasicas do serra-talhadense est\u00e3o presentes em todos os \u201carrasta-p\u00e9\u201d e festas tradicionais do Nordeste. Entre os grandes sucessos do artista destacam-se: Forr\u00f3 Pesado, Peixe Piaba, Fogueirinha, Pequeninha e muitas outras que foram gravadas por artistas como Elba Ramalho, Trio Nordestino e Mastruz com Leite.<\/font><\/p>\n<p align=\"center\"><font size=\"5\" face=\"Arial\"><strong><u>CONFIRA A PROGRAMA\u00c7\u00c3O COMPLETA<\/u><\/strong><\/font><\/p>\n<p align=\"center\"><strong><font size=\"4\" face=\"Arial\"><\/font><\/strong>&nbsp;<\/p>\n<p align=\"center\"><strong><font size=\"5\" face=\"Arial\"><u>DIA 23\/06<\/u><\/font><\/strong><\/p>\n<p align=\"center\"><strong><font color=\"#ff0000\" size=\"4\" face=\"Arial\">FORR\u00d3 VUMBORA<\/font><\/strong><\/p>\n<p align=\"center\"><strong><font color=\"#ff0000\" size=\"4\" face=\"Arial\">BANDA RENOVA\u00c7\u00c3O NORDESTINA<\/font><\/strong><\/p>\n<p align=\"center\"><strong><font color=\"#ff0000\" size=\"4\" face=\"Arial\"><\/font><\/strong>&nbsp;<\/p>\n<p align=\"center\"><strong><font size=\"5\" face=\"Arial\"><u>DIA 28\/06<\/u><\/font><\/strong><\/p>\n<p align=\"center\"><strong><font color=\"#ff0000\" size=\"4\" face=\"Arial\">FORR\u00d3 SOXOTE\u00c1<\/font><\/strong><\/p>\n<p align=\"center\"><strong><font color=\"#ff0000\" size=\"4\" face=\"Arial\">FORR\u00d3 DA M\u00cdDIA<\/font><\/strong><\/p>\n<p align=\"center\"><strong><font size=\"4\" face=\"Arial\"><\/font><\/strong>&nbsp;<\/p>\n<p align=\"center\"><strong><font size=\"5\" face=\"Arial\"><u>DIA 11\/07<\/u><\/font><\/strong><\/p>\n<p align=\"center\"><strong><font color=\"#ff0000\" size=\"4\" face=\"Arial\">ASSIS\u00c3O E BANDA (S\u00cdTIO BATINGA)<\/font><\/strong><\/p>\n<p align=\"center\"><strong><font color=\"#ff0000\" size=\"4\" face=\"Arial\">CHUR\u00da E BANDA<\/font><\/strong><\/p>\n<div style=\"margin-top: 0px; margin-bottom: 0px;\" class=\"sharethis-inline-share-buttons\" ><\/div>","protected":false},"excerpt":{"rendered":"<p>Apesar das dificuldades financeiras enfrentadas por todos os munic\u00edpio brasileiros, e em especial os do Nordeste, que t\u00eam sofrido com uma grande seca, o prefeito de Salo\u00e1 foi em busca de apoio junto ao governo do estado para n\u00e3o deixar que o per\u00edodo junino passe em branco em seu munic\u00edpio. Vale destacar que poucos munic\u00edpio [&hellip;]<\/p>\n","protected":false},"author":1,"featured_media":0,"comment_status":"open","ping_status":"open","sticky":false,"template":"","format":"standard","meta":{"footnotes":""},"categories":[2],"tags":[],"class_list":["post-1868","post","type-post","status-publish","format-standard","hentry","category-noticias-do-dia"],"_links":{"self":[{"href":"https:\/\/www.saloanoticias.com\/v1\/wp-json\/wp\/v2\/posts\/1868","targetHints":{"allow":["GET"]}}],"collection":[{"href":"https:\/\/www.saloanoticias.com\/v1\/wp-json\/wp\/v2\/posts"}],"about":[{"href":"https:\/\/www.saloanoticias.com\/v1\/wp-json\/wp\/v2\/types\/post"}],"author":[{"embeddable":true,"href":"https:\/\/www.saloanoticias.com\/v1\/wp-json\/wp\/v2\/users\/1"}],"replies":[{"embeddable":true,"href":"https:\/\/www.saloanoticias.com\/v1\/wp-json\/wp\/v2\/comments?post=1868"}],"version-history":[{"count":0,"href":"https:\/\/www.saloanoticias.com\/v1\/wp-json\/wp\/v2\/posts\/1868\/revisions"}],"wp:attachment":[{"href":"https:\/\/www.saloanoticias.com\/v1\/wp-json\/wp\/v2\/media?parent=1868"}],"wp:term":[{"taxonomy":"category","embeddable":true,"href":"https:\/\/www.saloanoticias.com\/v1\/wp-json\/wp\/v2\/categories?post=1868"},{"taxonomy":"post_tag","embeddable":true,"href":"https:\/\/www.saloanoticias.com\/v1\/wp-json\/wp\/v2\/tags?post=1868"}],"curies":[{"name":"wp","href":"https:\/\/api.w.org\/{rel}","templated":true}]}}