{"id":1853,"date":"2015-05-30T20:00:00","date_gmt":"2015-05-30T20:00:00","guid":{"rendered":"https:\/\/saloanoticias.mrmediaweb.com\/v1\/2015\/05\/30\/saloa-recebe-novo-paroco-neste-domingo\/"},"modified":"2015-05-30T20:00:00","modified_gmt":"2015-05-30T20:00:00","slug":"saloa-recebe-novo-paroco-neste-domingo","status":"publish","type":"post","link":"https:\/\/www.saloanoticias.com\/v1\/saloa-recebe-novo-paroco-neste-domingo\/","title":{"rendered":"PAR\u00d3QUIA DE SALO\u00c1 RECEBE NOVO PADRE NESTE DOMINGO (31)"},"content":{"rendered":"<p align=\"justify\"><font size=\"3\" face=\"Arial\"><a href=\"http:\/\/www.saloanoticias.com\/images\/salo-notcias-110_c98fffae9b6310fbb72371de9839af96.jpg\"><img loading=\"lazy\" decoding=\"async\" title=\"Salo&aacute; Not&iacute;cias 110\" style=\"border-left-width: 0px; border-right-width: 0px; background-image: none; border-bottom-width: 0px; float: left; padding-top: 0px; padding-left: 0px; margin: 5px 5px 0px 0px; display: inline; padding-right: 0px; border-top-width: 0px\" border=\"0\" alt=\"Salo&aacute; Not&iacute;cias 110\" src=\"http:\/\/www.saloanoticias.com\/v1\/wp-content\/uploads\/imagens\/salo-notcias-110_thumb_794ff971eab00ccdf6338993007a568c.jpg\" width=\"134\" align=\"left\" height=\"162\"><\/a>A par\u00f3quia de S\u00e3o Vicente&nbsp; de Paulo se prepara para receber o seu novo pastor paroquial, Padre Everaldo Jos\u00e9. O padre Everaldo transferido da par\u00f3quia de Santa Terezinha em Jucati-PE, tem sete anos de sacerd\u00f3cio, sendo que esta ser\u00e1 a sua segunda par\u00f3quia como padre. Tomar\u00e1 posse no pr\u00f3ximo domingo durante a Santa Missa da manh\u00e3 que ser\u00e1 as 08:00 horas pelas m\u00e3os do nosso administrador Diocesano, Monsenhor Benevenuto Satir\u00e1 de Ara\u00fajo.<\/font><\/p>\n<p align=\"justify\"><font size=\"3\" face=\"Arial\">Padre Everaldo ser\u00e1 o nosso Quarto P\u00e1roco. <\/font><font size=\"3\" face=\"Arial\">Desde de j\u00e1 a PASCOM, acolhe o nosso Pastor Paroquial. Seja bem-vindo. Com informa\u00e7\u00f5es do blog da Par\u00f3quia de S\u00e3o Vicente de Paulo. <a href=\"http:\/\/www.svicentenews.blogspot.com.br\">http:\/\/www.svicentenews.blogspot.com.br<\/a><\/font><\/p>\n<div style=\"margin-top: 0px; margin-bottom: 0px;\" class=\"sharethis-inline-share-buttons\" ><\/div>","protected":false},"excerpt":{"rendered":"<p>A par\u00f3quia de S\u00e3o Vicente&nbsp; de Paulo se prepara para receber o seu novo pastor paroquial, Padre Everaldo Jos\u00e9. O padre Everaldo transferido da par\u00f3quia de Santa Terezinha em Jucati-PE, tem sete anos de sacerd\u00f3cio, sendo que esta ser\u00e1 a sua segunda par\u00f3quia como padre. Tomar\u00e1 posse no pr\u00f3ximo domingo durante a Santa Missa da [&hellip;]<\/p>\n","protected":false},"author":1,"featured_media":0,"comment_status":"open","ping_status":"open","sticky":false,"template":"","format":"standard","meta":{"footnotes":""},"categories":[2],"tags":[],"class_list":["post-1853","post","type-post","status-publish","format-standard","hentry","category-noticias-do-dia"],"_links":{"self":[{"href":"https:\/\/www.saloanoticias.com\/v1\/wp-json\/wp\/v2\/posts\/1853","targetHints":{"allow":["GET"]}}],"collection":[{"href":"https:\/\/www.saloanoticias.com\/v1\/wp-json\/wp\/v2\/posts"}],"about":[{"href":"https:\/\/www.saloanoticias.com\/v1\/wp-json\/wp\/v2\/types\/post"}],"author":[{"embeddable":true,"href":"https:\/\/www.saloanoticias.com\/v1\/wp-json\/wp\/v2\/users\/1"}],"replies":[{"embeddable":true,"href":"https:\/\/www.saloanoticias.com\/v1\/wp-json\/wp\/v2\/comments?post=1853"}],"version-history":[{"count":0,"href":"https:\/\/www.saloanoticias.com\/v1\/wp-json\/wp\/v2\/posts\/1853\/revisions"}],"wp:attachment":[{"href":"https:\/\/www.saloanoticias.com\/v1\/wp-json\/wp\/v2\/media?parent=1853"}],"wp:term":[{"taxonomy":"category","embeddable":true,"href":"https:\/\/www.saloanoticias.com\/v1\/wp-json\/wp\/v2\/categories?post=1853"},{"taxonomy":"post_tag","embeddable":true,"href":"https:\/\/www.saloanoticias.com\/v1\/wp-json\/wp\/v2\/tags?post=1853"}],"curies":[{"name":"wp","href":"https:\/\/api.w.org\/{rel}","templated":true}]}}