{"id":1850,"date":"2015-05-31T15:00:00","date_gmt":"2015-05-31T15:00:00","guid":{"rendered":"https:\/\/saloanoticias.mrmediaweb.com\/v1\/2015\/05\/31\/igreja-pentecostal-abre-congregacao-no-povoado-gigante\/"},"modified":"2015-05-31T15:00:00","modified_gmt":"2015-05-31T15:00:00","slug":"igreja-pentecostal-abre-congregacao-no-povoado-gigante","status":"publish","type":"post","link":"https:\/\/www.saloanoticias.com\/v1\/igreja-pentecostal-abre-congregacao-no-povoado-gigante\/","title":{"rendered":"IGREJA PENTECOSTAL ABRE CONGREGA\u00c7\u00c3O NO POVOADO GIGANTE"},"content":{"rendered":"<p align=\"justify\"><font size=\"3\" face=\"Arial\"><a href=\"http:\/\/www.saloanoticias.com\/images\/06_eef6d801bf159b20960bcf2db80b8d75.jpg\"><img loading=\"lazy\" decoding=\"async\" title=\"06\" style=\"border-left-width: 0px; border-right-width: 0px; background-image: none; border-bottom-width: 0px; float: none; padding-top: 0px; padding-left: 0px; margin: 0px auto 10px; display: block; padding-right: 0px; border-top-width: 0px\" border=\"0\" alt=\"06\" src=\"http:\/\/www.saloanoticias.com\/v1\/wp-content\/uploads\/imagens\/06_thumb_9bb5df483f0c7e1185aecf98f141e170.jpg\" width=\"527\" height=\"395\"><\/a>A Igreja Pentecostal no Brasil, filial em Salo\u00e1\/PE, inaugurou na noite deste dia 29\/05, sua mais nova congrega\u00e7\u00e3o que fica localizada no povoado Gigante, zona rural do munic\u00edpio. O culto de abertura foi uma verdadeira ben\u00e7\u00e3o, segundo os irm\u00e3os que participaram deste grandioso momento. O Mission\u00e1rio Anderson Silva disse em suas palavras: \u201c<\/font><font size=\"3\" face=\"Arial\">Contamos com suas ora\u00e7\u00f5es ! O esp\u00edrito do Senhor DEUS est\u00e1 sobre mim; porque o SENHOR me ungiu, para pregar boas novas aos mansos; enviou-me a restaurar os contritos de cora\u00e7\u00e3o, a proclamar liberdade aos cativos, e a abertura de pris\u00e3o aos presos; Isa\u00edas 61:1\u201d<\/font><\/p>\n<p align=\"justify\"><font size=\"3\" face=\"Arial\">Essa \u00e9 mais uma igreja evang\u00e9lica em Salo\u00e1 que tem ouvido a voz do Esp\u00edrito Santo quando diz: \u201cIde e pregai o evangelho a toda criatura\u201d. Parab\u00e9ns ao minist\u00e9rio da ICPB (Igreja de Cristo Pentecostal no Brasil) pelo excelente trabalho desenvolvido os \u00faltimos tempos em nossa cidade, em especial ao mission\u00e1rio Anderson Silva e o presb\u00edtero Jair Leite.<\/font><\/p>\n<div style=\"margin-top: 0px; margin-bottom: 0px;\" class=\"sharethis-inline-share-buttons\" ><\/div>","protected":false},"excerpt":{"rendered":"<p>A Igreja Pentecostal no Brasil, filial em Salo\u00e1\/PE, inaugurou na noite deste dia 29\/05, sua mais nova congrega\u00e7\u00e3o que fica localizada no povoado Gigante, zona rural do munic\u00edpio. O culto de abertura foi uma verdadeira ben\u00e7\u00e3o, segundo os irm\u00e3os que participaram deste grandioso momento. O Mission\u00e1rio Anderson Silva disse em suas palavras: \u201cContamos com suas [&hellip;]<\/p>\n","protected":false},"author":1,"featured_media":0,"comment_status":"open","ping_status":"open","sticky":false,"template":"","format":"standard","meta":{"footnotes":""},"categories":[2],"tags":[],"class_list":["post-1850","post","type-post","status-publish","format-standard","hentry","category-noticias-do-dia"],"_links":{"self":[{"href":"https:\/\/www.saloanoticias.com\/v1\/wp-json\/wp\/v2\/posts\/1850","targetHints":{"allow":["GET"]}}],"collection":[{"href":"https:\/\/www.saloanoticias.com\/v1\/wp-json\/wp\/v2\/posts"}],"about":[{"href":"https:\/\/www.saloanoticias.com\/v1\/wp-json\/wp\/v2\/types\/post"}],"author":[{"embeddable":true,"href":"https:\/\/www.saloanoticias.com\/v1\/wp-json\/wp\/v2\/users\/1"}],"replies":[{"embeddable":true,"href":"https:\/\/www.saloanoticias.com\/v1\/wp-json\/wp\/v2\/comments?post=1850"}],"version-history":[{"count":0,"href":"https:\/\/www.saloanoticias.com\/v1\/wp-json\/wp\/v2\/posts\/1850\/revisions"}],"wp:attachment":[{"href":"https:\/\/www.saloanoticias.com\/v1\/wp-json\/wp\/v2\/media?parent=1850"}],"wp:term":[{"taxonomy":"category","embeddable":true,"href":"https:\/\/www.saloanoticias.com\/v1\/wp-json\/wp\/v2\/categories?post=1850"},{"taxonomy":"post_tag","embeddable":true,"href":"https:\/\/www.saloanoticias.com\/v1\/wp-json\/wp\/v2\/tags?post=1850"}],"curies":[{"name":"wp","href":"https:\/\/api.w.org\/{rel}","templated":true}]}}