{"id":1849,"date":"2015-05-29T22:00:29","date_gmt":"2015-05-29T22:00:29","guid":{"rendered":"https:\/\/saloanoticias.mrmediaweb.com\/v1\/2015\/05\/29\/pastor-leonildo-prega-na-batista-neste-sabado-30\/"},"modified":"2015-05-29T22:00:29","modified_gmt":"2015-05-29T22:00:29","slug":"pastor-leonildo-prega-na-batista-neste-sabado-30","status":"publish","type":"post","link":"https:\/\/www.saloanoticias.com\/v1\/pastor-leonildo-prega-na-batista-neste-sabado-30\/","title":{"rendered":"REVERENDO LEONILDO PAIX\u00c3O PREGAR\u00c1 NA BATISTA BETESDA NESTE S\u00c1BADO DIA 30"},"content":{"rendered":"<p align=\"justify\"><font size=\"3\" face=\"Arial\"><a href=\"http:\/\/www.saloanoticias.com\/images\/dsc_5284_2b683284d4247bd948917750c0adab5c.jpg\"><img loading=\"lazy\" decoding=\"async\" title=\"DSC_5284\" style=\"border-left-width: 0px; border-right-width: 0px; background-image: none; border-bottom-width: 0px; float: none; padding-top: 0px; padding-left: 0px; margin: 0px auto 10px; display: block; padding-right: 0px; border-top-width: 0px\" border=\"0\" alt=\"DSC_5284\" src=\"http:\/\/www.saloanoticias.com\/v1\/wp-content\/uploads\/imagens\/dsc_5284_thumb_ad6f2935fc71cf9c50500b9639db66f8.jpg\" width=\"488\" height=\"390\"><\/a>Continuando com a programa\u00e7\u00e3o dos cultos de ora\u00e7\u00f5es no m\u00eas da fam\u00edlia promovido pela LIESA (Liga das Igrejas Evang\u00e9licas de Salo\u00e1), a IBB (Igreja Batista Betesda de Salo\u00e1) estar\u00e1 recebendo os irm\u00e3os das demais denomina\u00e7\u00f5es na noite deste s\u00e1bado 30 de maio, para participarem de mais um culto a Deus. O pregador oficial da noite ser\u00e1 o Reverendo Leonildo Paix\u00e3o, l\u00edder da IPB (Igreja Presbiteriana do Brasil) filial de Salo\u00e1. O pastor trar\u00e1 um valoroso estudo da Palavra de Deus para os que estiverem presentes nesta noite de louvor e adora\u00e7\u00e3o.<\/font><\/p>\n<p align=\"justify\"><font size=\"3\" face=\"Arial\">Este \u00e9 o terceiro culto da s\u00e9rie de quatro que iniciou na Igreja Presbiteriana, teve continuidade na Igreja Batista da Miracica e segue neste s\u00e1bado na Batista Betesda que \u00e9 dirigida pela pastor a Isabel Alves. O \u00faltimo culto do m\u00eas de ora\u00e7\u00e3o pelas fam\u00edlias acontecer\u00e1 no dia 6 de junho na Igreja Pentecostal no Brasil que \u00e9 dirigida pelo Mission\u00e1rio Anderson Silva. Os pastores convidam a todos para participarem destes cultos aben\u00e7oadores. Ore, divulgue e participe, pois Deus tem uma palavra ao seu cora\u00e7\u00e3o.<\/font><\/p>\n<div style=\"margin-top: 0px; margin-bottom: 0px;\" class=\"sharethis-inline-share-buttons\" ><\/div>","protected":false},"excerpt":{"rendered":"<p>Continuando com a programa\u00e7\u00e3o dos cultos de ora\u00e7\u00f5es no m\u00eas da fam\u00edlia promovido pela LIESA (Liga das Igrejas Evang\u00e9licas de Salo\u00e1), a IBB (Igreja Batista Betesda de Salo\u00e1) estar\u00e1 recebendo os irm\u00e3os das demais denomina\u00e7\u00f5es na noite deste s\u00e1bado 30 de maio, para participarem de mais um culto a Deus. O pregador oficial da noite [&hellip;]<\/p>\n","protected":false},"author":1,"featured_media":0,"comment_status":"open","ping_status":"open","sticky":false,"template":"","format":"standard","meta":{"footnotes":""},"categories":[2],"tags":[],"class_list":["post-1849","post","type-post","status-publish","format-standard","hentry","category-noticias-do-dia"],"_links":{"self":[{"href":"https:\/\/www.saloanoticias.com\/v1\/wp-json\/wp\/v2\/posts\/1849","targetHints":{"allow":["GET"]}}],"collection":[{"href":"https:\/\/www.saloanoticias.com\/v1\/wp-json\/wp\/v2\/posts"}],"about":[{"href":"https:\/\/www.saloanoticias.com\/v1\/wp-json\/wp\/v2\/types\/post"}],"author":[{"embeddable":true,"href":"https:\/\/www.saloanoticias.com\/v1\/wp-json\/wp\/v2\/users\/1"}],"replies":[{"embeddable":true,"href":"https:\/\/www.saloanoticias.com\/v1\/wp-json\/wp\/v2\/comments?post=1849"}],"version-history":[{"count":0,"href":"https:\/\/www.saloanoticias.com\/v1\/wp-json\/wp\/v2\/posts\/1849\/revisions"}],"wp:attachment":[{"href":"https:\/\/www.saloanoticias.com\/v1\/wp-json\/wp\/v2\/media?parent=1849"}],"wp:term":[{"taxonomy":"category","embeddable":true,"href":"https:\/\/www.saloanoticias.com\/v1\/wp-json\/wp\/v2\/categories?post=1849"},{"taxonomy":"post_tag","embeddable":true,"href":"https:\/\/www.saloanoticias.com\/v1\/wp-json\/wp\/v2\/tags?post=1849"}],"curies":[{"name":"wp","href":"https:\/\/api.w.org\/{rel}","templated":true}]}}