{"id":1848,"date":"2015-05-30T10:50:00","date_gmt":"2015-05-30T10:50:00","guid":{"rendered":"https:\/\/saloanoticias.mrmediaweb.com\/v1\/2015\/05\/30\/vereadores-pedem-que-justca-suspenda-contas-da-compesa\/"},"modified":"2015-05-30T10:50:00","modified_gmt":"2015-05-30T10:50:00","slug":"vereadores-pedem-que-justca-suspenda-contas-da-compesa","status":"publish","type":"post","link":"https:\/\/www.saloanoticias.com\/v1\/vereadores-pedem-que-justca-suspenda-contas-da-compesa\/","title":{"rendered":"VEREADORES PEDEM QUE JUSTI\u00c7A CANCELE CONTAS DA COMPESA EM SALO\u00c1"},"content":{"rendered":"<p align=\"justify\"><font size=\"3\" face=\"Arial\"><a href=\"http:\/\/www.saloanoticias.com\/images\/vereadores-salo.jpg\"><img loading=\"lazy\" decoding=\"async\" title=\"Vereadores Salo&aacute;\" style=\"border-top: 0px; border-right: 0px; background-image: none; border-bottom: 0px; float: none; padding-top: 0px; padding-left: 0px; margin: 0px auto 10px; border-left: 0px; display: block; padding-right: 0px\" border=\"0\" alt=\"Vereadores Salo&aacute;\" src=\"http:\/\/www.saloanoticias.com\/v1\/wp-content\/uploads\/imagens\/vereadores-salo_thumb.jpg\" width=\"466\" height=\"309\"><\/a>Os vereadores Barba (PDT), Ferreirinha (PSB), Ivan do Co\u00eama (PSDB), Izenilda Brand\u00e3o (PSDB) e Ronaldinho (PSDB), protocolaram na tarde da quarta-feira, dia 20 de maio de 2015, na promotoria p\u00fablica de justi\u00e7a em Salo\u00e1, um pedido formal ao representante do MP, para que o mesmo entre com uma A\u00e7\u00e3o Civil P\u00fablica contra a COMPESA (Companhia Pernambucana de Saneamento e \u00c1guas), solicitando que a popula\u00e7\u00e3o de do munic\u00edpio deixe de pagar suas respectivas contas de \u00e1gua por motivo de n\u00e3o estar recebendo o l\u00edquido nas torneiras das resid\u00eancias.<\/font><\/p>\n<p align=\"justify\"><a href=\"http:\/\/www.saloanoticias.com\/images\/06_0596fa8213eb34f4154d4841129d3b2f.jpg\"><img loading=\"lazy\" decoding=\"async\" title=\"06\" style=\"border-left-width: 0px; border-right-width: 0px; background-image: none; border-bottom-width: 0px; float: none; padding-top: 0px; padding-left: 0px; margin: 10px auto; display: block; padding-right: 0px; border-top-width: 0px\" border=\"0\" alt=\"06\" src=\"http:\/\/www.saloanoticias.com\/v1\/wp-content\/uploads\/imagens\/06_thumb_3ee9306d6a34fc0b21166a1bdbc9160a.jpg\" width=\"464\" height=\"662\"><\/a><\/p>\n<p align=\"justify\"><font size=\"3\" face=\"Arial\">Na mesma oportunidade, os vereadores conversaram tamb\u00e9m com o juiz de direito do munic\u00edpio, Dr. R\u00f4mulo, explicando mais detalhadamente os motivos do pleito. Tanto o promotor quanto o juiz acharam que o pedido \u00e9 mais do que justo, j\u00e1 que pelo C\u00f3digo de Defesa do Consumidor, ningu\u00e9m pode ser cobrado quando n\u00e3o se tem a contra-presta\u00e7\u00e3o de algum servi\u00e7o, principalmente no setor p\u00fablico. Os edis foram muito bem atendidos pelas autoridades e sa\u00edram do f\u00f3rum com a certeza de que o problema ser\u00e1 resolvido com a ajuda da justi\u00e7a.<\/font><\/p>\n<p align=\"justify\"><a href=\"http:\/\/www.saloanoticias.com\/images\/dsc_0426_75ee5998c3fc26a280942768400eb8b6.jpg\"><img loading=\"lazy\" decoding=\"async\" title=\"DSC_0426\" style=\"border-left-width: 0px; border-right-width: 0px; background-image: none; border-bottom-width: 0px; float: none; padding-top: 0px; padding-left: 0px; margin: 10px auto; display: block; padding-right: 0px; border-top-width: 0px\" border=\"0\" alt=\"DSC_0426\" src=\"http:\/\/www.saloanoticias.com\/v1\/wp-content\/uploads\/imagens\/dsc_0426_thumb_16143f4440938e169cf8cb1c1d80453e.jpg\" width=\"462\" height=\"697\"><\/a><\/p>\n<p align=\"justify\"><font size=\"3\" face=\"Arial\">No documento os parlamentares bateram forte contra a COMPESA e apontaram a viola\u00e7\u00e3o de v\u00e1rios artigos do CDC (C\u00f3digo de Defesa do Consumidor). Dessa forma os cinco vereadores demonstraram respeito pela popula\u00e7\u00e3o e est\u00e3o defendendo os direitos dos seus mun\u00edcipes. O promotor, Alexandre Bezerra, se comprometeu a analisar o documento e, caso seja necess\u00e1rio, posteriormente viabilizar a pe\u00e7a processual cab\u00edvel para o fato concreto. Vamos aguardar o desfecho dessa hist\u00f3ria.<\/font><\/p>\n<div style=\"margin-top: 0px; margin-bottom: 0px;\" class=\"sharethis-inline-share-buttons\" ><\/div>","protected":false},"excerpt":{"rendered":"<p>Os vereadores Barba (PDT), Ferreirinha (PSB), Ivan do Co\u00eama (PSDB), Izenilda Brand\u00e3o (PSDB) e Ronaldinho (PSDB), protocolaram na tarde da quarta-feira, dia 20 de maio de 2015, na promotoria p\u00fablica de justi\u00e7a em Salo\u00e1, um pedido formal ao representante do MP, para que o mesmo entre com uma A\u00e7\u00e3o Civil P\u00fablica contra a COMPESA (Companhia [&hellip;]<\/p>\n","protected":false},"author":1,"featured_media":0,"comment_status":"open","ping_status":"open","sticky":false,"template":"","format":"standard","meta":{"footnotes":""},"categories":[2],"tags":[],"class_list":["post-1848","post","type-post","status-publish","format-standard","hentry","category-noticias-do-dia"],"_links":{"self":[{"href":"https:\/\/www.saloanoticias.com\/v1\/wp-json\/wp\/v2\/posts\/1848","targetHints":{"allow":["GET"]}}],"collection":[{"href":"https:\/\/www.saloanoticias.com\/v1\/wp-json\/wp\/v2\/posts"}],"about":[{"href":"https:\/\/www.saloanoticias.com\/v1\/wp-json\/wp\/v2\/types\/post"}],"author":[{"embeddable":true,"href":"https:\/\/www.saloanoticias.com\/v1\/wp-json\/wp\/v2\/users\/1"}],"replies":[{"embeddable":true,"href":"https:\/\/www.saloanoticias.com\/v1\/wp-json\/wp\/v2\/comments?post=1848"}],"version-history":[{"count":0,"href":"https:\/\/www.saloanoticias.com\/v1\/wp-json\/wp\/v2\/posts\/1848\/revisions"}],"wp:attachment":[{"href":"https:\/\/www.saloanoticias.com\/v1\/wp-json\/wp\/v2\/media?parent=1848"}],"wp:term":[{"taxonomy":"category","embeddable":true,"href":"https:\/\/www.saloanoticias.com\/v1\/wp-json\/wp\/v2\/categories?post=1848"},{"taxonomy":"post_tag","embeddable":true,"href":"https:\/\/www.saloanoticias.com\/v1\/wp-json\/wp\/v2\/tags?post=1848"}],"curies":[{"name":"wp","href":"https:\/\/api.w.org\/{rel}","templated":true}]}}