{"id":1846,"date":"2015-05-29T10:50:00","date_gmt":"2015-05-29T10:50:00","guid":{"rendered":"https:\/\/saloanoticias.mrmediaweb.com\/v1\/2015\/05\/29\/nasf-realiza-acao-de-combate-ao-tabagismo\/"},"modified":"2015-05-29T10:50:00","modified_gmt":"2015-05-29T10:50:00","slug":"nasf-realiza-acao-de-combate-ao-tabagismo","status":"publish","type":"post","link":"https:\/\/www.saloanoticias.com\/v1\/nasf-realiza-acao-de-combate-ao-tabagismo\/","title":{"rendered":"NASF DE SALO\u00c1 REALIZA A\u00c7\u00c3O DE COMBATE AO TABAGISMO"},"content":{"rendered":"<p align=\"justify\"><font size=\"3\" face=\"Arial\"><a href=\"http:\/\/www.saloanoticias.com\/images\/salo-notcias-110.jpg\"><img loading=\"lazy\" decoding=\"async\" title=\"Salo&aacute; Not&iacute;cias 110\" style=\"border-top: 0px; border-right: 0px; background-image: none; border-bottom: 0px; float: none; padding-top: 0px; padding-left: 0px; margin-left: auto; border-left: 0px; display: block; padding-right: 0px; margin-right: auto\" border=\"0\" alt=\"Salo&aacute; Not&iacute;cias 110\" src=\"http:\/\/www.saloanoticias.com\/v1\/wp-content\/uploads\/imagens\/salo-notcias-110_thumb.jpg\" width=\"552\" height=\"366\"><\/a>O NASF \u2013 N\u00facleo de Sa\u00fade da Fam\u00edlia de Salo\u00e1 realizou no dia 25, uma a\u00e7\u00e3o de combate e conscientiza\u00e7\u00e3o sobre o tabagismo. O dia foi marcado em todo o Brasil com o objetivo de alertar a popula\u00e7\u00e3o sobre os perigos \u00e0 sa\u00fade, causados pelo fumo. O evento aconteceu na Academia da Sa\u00fade e contou com toda equipe de sa\u00fade da fam\u00edlia, entre enfermeiros, assistente social, psic\u00f3logos, nutricionistas e fisioterapeutas, entre outros. <\/font><font size=\"3\" face=\"Arial\">A equipe realizou u ma s\u00e9rie de atividades f\u00edsicas, al\u00e9m de palestra de sensibiliza\u00e7\u00e3o sobre o tema.<\/font><\/p>\n<p align=\"justify\"><a href=\"http:\/\/www.saloanoticias.com\/images\/dsc_0426.jpg\"><img loading=\"lazy\" decoding=\"async\" title=\"DSC_0426\" style=\"border-top: 0px; border-right: 0px; background-image: none; border-bottom: 0px; float: none; padding-top: 0px; padding-left: 0px; margin-left: auto; border-left: 0px; display: block; padding-right: 0px; margin-right: auto\" border=\"0\" alt=\"DSC_0426\" src=\"http:\/\/www.saloanoticias.com\/v1\/wp-content\/uploads\/imagens\/dsc_0426_thumb.jpg\" width=\"553\" height=\"367\"><\/a><\/p>\n<p align=\"justify\"><font size=\"3\" face=\"Arial\">A assistente social Vaneschka Cipriano trouxe uma abordagem metodol\u00f3gica para se parar de fumar, promovendo o adiamento do primeiro cigarro, para os casos de fumantes que t\u00eam um certo controle do v\u00edcio, \u00e0 Redu\u00e7\u00e3o, para aqueles que t\u00eam maior dificuldade de parar. \u201cO adiamento e redu\u00e7\u00e3o s\u00e3o pr\u00e1ticas metodol\u00f3gicas que visam ajudar o fumante a se livrar da depend\u00eancia. N\u00f3s estamos apontando caminhos para que as pessoas que fumam promovam a diminui\u00e7\u00e3o das doses de depend\u00eancia ao fumo, at\u00e9 conseguir a total extin\u00e7\u00e3o\u201d. Destacou Vaneschka.<\/font> <\/p>\n<p align=\"justify\"><a href=\"http:\/\/www.saloanoticias.com\/images\/salo-notcias_5881f4923de1b5903c40149c33649484.jpg\"><img loading=\"lazy\" decoding=\"async\" title=\"Salo&aacute; Not&iacute;cias\" style=\"border-top: 0px; border-right: 0px; background-image: none; border-bottom: 0px; float: none; padding-top: 0px; padding-left: 0px; margin-left: auto; border-left: 0px; display: block; padding-right: 0px; margin-right: auto\" border=\"0\" alt=\"Salo&aacute; Not&iacute;cias\" src=\"http:\/\/www.saloanoticias.com\/v1\/wp-content\/uploads\/imagens\/salo-notcias_thumb_d955dcaeedfd746a827799a47225316f.jpg\" width=\"555\" height=\"368\"><\/a> <\/p>\n<p align=\"justify\"><font size=\"3\" face=\"Arial\">O tabagismo \u00e9 considerado, pela Organiza\u00e7\u00e3o Mundial de Sa\u00fade &#8211; OMS, a principal causa de morte evit\u00e1vel em todo o mundo. Para 2015, a OMS definiu o tema \u201cFim do com\u00e9rcio ilegal de produtos de tabaco\u201d, para ser trabalhado internacionalmente.<\/font>   <\/p>\n<p><a href=\"http:\/\/www.saloanoticias.com\/images\/06_a80d838cefccaaba84a0ffaa1f8e5109.jpg\"><img loading=\"lazy\" decoding=\"async\" title=\"06\" style=\"border-top: 0px; border-right: 0px; background-image: none; border-bottom: 0px; float: none; padding-top: 0px; padding-left: 0px; margin-left: auto; border-left: 0px; display: block; padding-right: 0px; margin-right: auto\" border=\"0\" alt=\"06\" src=\"http:\/\/www.saloanoticias.com\/v1\/wp-content\/uploads\/imagens\/06_thumb_1fe91780b1dbc98324ae470604d6791e.jpg\" width=\"561\" height=\"372\"><\/a><\/p>\n<div style=\"margin-top: 0px; margin-bottom: 0px;\" class=\"sharethis-inline-share-buttons\" ><\/div>","protected":false},"excerpt":{"rendered":"<p>O NASF \u2013 N\u00facleo de Sa\u00fade da Fam\u00edlia de Salo\u00e1 realizou no dia 25, uma a\u00e7\u00e3o de combate e conscientiza\u00e7\u00e3o sobre o tabagismo. O dia foi marcado em todo o Brasil com o objetivo de alertar a popula\u00e7\u00e3o sobre os perigos \u00e0 sa\u00fade, causados pelo fumo. O evento aconteceu na Academia da Sa\u00fade e contou [&hellip;]<\/p>\n","protected":false},"author":1,"featured_media":0,"comment_status":"open","ping_status":"open","sticky":false,"template":"","format":"standard","meta":{"footnotes":""},"categories":[2],"tags":[],"class_list":["post-1846","post","type-post","status-publish","format-standard","hentry","category-noticias-do-dia"],"_links":{"self":[{"href":"https:\/\/www.saloanoticias.com\/v1\/wp-json\/wp\/v2\/posts\/1846","targetHints":{"allow":["GET"]}}],"collection":[{"href":"https:\/\/www.saloanoticias.com\/v1\/wp-json\/wp\/v2\/posts"}],"about":[{"href":"https:\/\/www.saloanoticias.com\/v1\/wp-json\/wp\/v2\/types\/post"}],"author":[{"embeddable":true,"href":"https:\/\/www.saloanoticias.com\/v1\/wp-json\/wp\/v2\/users\/1"}],"replies":[{"embeddable":true,"href":"https:\/\/www.saloanoticias.com\/v1\/wp-json\/wp\/v2\/comments?post=1846"}],"version-history":[{"count":0,"href":"https:\/\/www.saloanoticias.com\/v1\/wp-json\/wp\/v2\/posts\/1846\/revisions"}],"wp:attachment":[{"href":"https:\/\/www.saloanoticias.com\/v1\/wp-json\/wp\/v2\/media?parent=1846"}],"wp:term":[{"taxonomy":"category","embeddable":true,"href":"https:\/\/www.saloanoticias.com\/v1\/wp-json\/wp\/v2\/categories?post=1846"},{"taxonomy":"post_tag","embeddable":true,"href":"https:\/\/www.saloanoticias.com\/v1\/wp-json\/wp\/v2\/tags?post=1846"}],"curies":[{"name":"wp","href":"https:\/\/api.w.org\/{rel}","templated":true}]}}