{"id":1843,"date":"2015-05-27T16:49:46","date_gmt":"2015-05-27T16:49:46","guid":{"rendered":"https:\/\/saloanoticias.mrmediaweb.com\/v1\/2015\/05\/27\/nota-da-prefeitura-de-saloa\/"},"modified":"2015-05-27T16:49:46","modified_gmt":"2015-05-27T16:49:46","slug":"nota-da-prefeitura-de-saloa","status":"publish","type":"post","link":"https:\/\/www.saloanoticias.com\/v1\/nota-da-prefeitura-de-saloa\/","title":{"rendered":"NOTA DA PREFEITURA MUNICIPAL DE SALO\u00c1"},"content":{"rendered":"<p align=\"justify\"><font size=\"3\" face=\"Arial\"><a href=\"http:\/\/www.saloanoticias.com\/images\/salo-notcias-10_8fea5a5fff8441b1206ecb20e97e02e7.jpg\"><img loading=\"lazy\" decoding=\"async\" title=\"Salo&aacute; Not&iacute;cias 10\" style=\"border-left-width: 0px; border-right-width: 0px; background-image: none; border-bottom-width: 0px; float: left; padding-top: 0px; padding-left: 0px; margin: 5px 5px 0px 0px; display: inline; padding-right: 0px; border-top-width: 0px\" border=\"0\" alt=\"Salo&aacute; Not&iacute;cias 10\" src=\"http:\/\/www.saloanoticias.com\/v1\/wp-content\/uploads\/imagens\/salo-notcias-10_thumb_8c69a94f000454832192e7f743b993fe.jpg\" width=\"270\" align=\"left\" height=\"223\"><\/a>A Prefeitura Municipal de Salo\u00e1 vem solicitar atrav\u00e9s desta nota que os consumidores de energia el\u00e9trica da zona rural, se dirijam ao setor financeiro da prefeitura com as novas contas em m\u00e3os, as quais apresentam a \u201cTaxa de Ilumina\u00e7\u00e3o P\u00fablica\u201d, e procurem o Sr. Jos\u00e9 Fernandes, mais conhecido por Zez\u00e9, que \u00e9 secret\u00e1rio de finan\u00e7as do munic\u00edpio, ou mesmo a tesoureira Paula Santana, afim de que providenciem a baixa destas taxas que est\u00e3o sendo cobradas pela CELPE de forma indevida.<\/font><\/p>\n<p align=\"justify\"><font size=\"3\" face=\"Arial\">Informamos ainda que o erro foi da CELPE, que implantou as taxas indevidamente, pois, colocou essas cobran\u00e7as sem consultar o setor financeiro deste munic\u00edpio, n\u00e3o tendo a prefeitura qualquer culpa ou dolo sobre este caso, o que causou um grande mal entendido aos consumidores. Infelizmente, algumas pessoas de m\u00e1-\u00edndole, vem agindo de forma inconsequente, acusando a prefeitura de forma caluniosa, de ter responsabilidade sobre as taxas. Na verdade a prefeitura de Salo\u00e1 est\u00e1 fazendo todos os esfor\u00e7os para solucionar este equ\u00edvoco cometido pela CELPE.<\/font>  <\/p>\n<p align=\"justify\"><font size=\"3\" face=\"Arial\">Atenciosamente, Jos\u00e9 Fernandes de Lima, Secret\u00e1rio de Finan\u00e7as do Munic\u00edpio de Salo\u00e1\/PE.<\/font><\/p>\n<div style=\"margin-top: 0px; margin-bottom: 0px;\" class=\"sharethis-inline-share-buttons\" ><\/div>","protected":false},"excerpt":{"rendered":"<p>A Prefeitura Municipal de Salo\u00e1 vem solicitar atrav\u00e9s desta nota que os consumidores de energia el\u00e9trica da zona rural, se dirijam ao setor financeiro da prefeitura com as novas contas em m\u00e3os, as quais apresentam a \u201cTaxa de Ilumina\u00e7\u00e3o P\u00fablica\u201d, e procurem o Sr. Jos\u00e9 Fernandes, mais conhecido por Zez\u00e9, que \u00e9 secret\u00e1rio de finan\u00e7as [&hellip;]<\/p>\n","protected":false},"author":1,"featured_media":0,"comment_status":"open","ping_status":"open","sticky":false,"template":"","format":"standard","meta":{"footnotes":""},"categories":[2],"tags":[],"class_list":["post-1843","post","type-post","status-publish","format-standard","hentry","category-noticias-do-dia"],"_links":{"self":[{"href":"https:\/\/www.saloanoticias.com\/v1\/wp-json\/wp\/v2\/posts\/1843","targetHints":{"allow":["GET"]}}],"collection":[{"href":"https:\/\/www.saloanoticias.com\/v1\/wp-json\/wp\/v2\/posts"}],"about":[{"href":"https:\/\/www.saloanoticias.com\/v1\/wp-json\/wp\/v2\/types\/post"}],"author":[{"embeddable":true,"href":"https:\/\/www.saloanoticias.com\/v1\/wp-json\/wp\/v2\/users\/1"}],"replies":[{"embeddable":true,"href":"https:\/\/www.saloanoticias.com\/v1\/wp-json\/wp\/v2\/comments?post=1843"}],"version-history":[{"count":0,"href":"https:\/\/www.saloanoticias.com\/v1\/wp-json\/wp\/v2\/posts\/1843\/revisions"}],"wp:attachment":[{"href":"https:\/\/www.saloanoticias.com\/v1\/wp-json\/wp\/v2\/media?parent=1843"}],"wp:term":[{"taxonomy":"category","embeddable":true,"href":"https:\/\/www.saloanoticias.com\/v1\/wp-json\/wp\/v2\/categories?post=1843"},{"taxonomy":"post_tag","embeddable":true,"href":"https:\/\/www.saloanoticias.com\/v1\/wp-json\/wp\/v2\/tags?post=1843"}],"curies":[{"name":"wp","href":"https:\/\/api.w.org\/{rel}","templated":true}]}}