{"id":1842,"date":"2015-05-28T11:00:00","date_gmt":"2015-05-28T11:00:00","guid":{"rendered":"https:\/\/saloanoticias.mrmediaweb.com\/v1\/2015\/05\/28\/barba-ferreirinha-e-ronaldinho-participaram-de-audiencia-publica-com-secretario-de-seguranca-de-pernambuco\/"},"modified":"2015-05-28T11:00:00","modified_gmt":"2015-05-28T11:00:00","slug":"barba-ferreirinha-e-ronaldinho-participaram-de-audiencia-publica-com-secretario-de-seguranca-de-pernambuco","status":"publish","type":"post","link":"https:\/\/www.saloanoticias.com\/v1\/barba-ferreirinha-e-ronaldinho-participaram-de-audiencia-publica-com-secretario-de-seguranca-de-pernambuco\/","title":{"rendered":"BARBA, FERREIRA E RONALDINHO BIRUNDA PARTICIPARAM DE AUDI\u00caNCIA P\u00daBLICA EM GARANHUNS"},"content":{"rendered":"<p align=\"justify\"><font size=\"3\" face=\"Arial\"><a href=\"http:\/\/www.saloanoticias.com\/images\/dsc_4644_dc247a84998733e8193fb453786e1634.jpg\"><img loading=\"lazy\" decoding=\"async\" title=\"DSC_4644\" style=\"border-left-width: 0px; border-right-width: 0px; background-image: none; border-bottom-width: 0px; float: none; padding-top: 0px; padding-left: 0px; margin: 0px auto 10px; display: block; padding-right: 0px; border-top-width: 0px\" border=\"0\" alt=\"DSC_4644\" src=\"http:\/\/www.saloanoticias.com\/v1\/wp-content\/uploads\/imagens\/dsc_4644_thumb_f5e6aa3b45e73d290aa4f28013814479.jpg\" width=\"497\" height=\"338\"><\/a>Os vereadores Jos\u00e9 de Fran\u00e7a Leite (Barba), Arnaldo Ferreira Lopes (Ferreirinha) e Ronaldinho Birunda, participaram na tarde desta ter\u00e7a-feira (26) de uma audi\u00eancia p\u00fablica na sede da CODEAM em Garanhuns, com a presen\u00e7a do Secret\u00e1rio Estadual de Defesa Social, Alessandro Carvalho. O assunto era a seguran\u00e7a p\u00fablica no Agreste Meridional pernambucano, regi\u00e3o que vem despontando como uma das mais violentas do estado nos \u00faltimos meses. Participaram tamb\u00e9m deste evento o promotor de Salo\u00e1, Dr. Alexandre Bezerra, o comando da Pol\u00edcia Militar e v\u00e1rios prefeitos e vereadores da regi\u00e3o.<\/font><\/p>\n<p align=\"justify\"><font size=\"3\" face=\"Arial\">O secret\u00e1rio ouviu muitas cr\u00edticas dos usaram da palavra e, mesmo assim, defendeu os pontos positivos das gest\u00f5es Eduardo Campos\/ Paulo C\u00e2mara, que patrocinaram o programa \u201cPacto Pela Vida\u201d. Foi um encontro bastante proveitoso para a popula\u00e7\u00e3o, por\u00e9m, deve ser realizadas outras reuni\u00f5es sobre o tema nos pr\u00f3ximos meses, disseram os participantes. Os edis de Salo\u00e1 ficaram at\u00e9 o final do evento e sa\u00edram dispostos a ajudar no que for necess\u00e1rio em Salo\u00e1 para ajudar a popula\u00e7\u00e3o quando se refere a este assunto.<\/font><\/p>\n<div style=\"margin-top: 0px; margin-bottom: 0px;\" class=\"sharethis-inline-share-buttons\" ><\/div>","protected":false},"excerpt":{"rendered":"<p>Os vereadores Jos\u00e9 de Fran\u00e7a Leite (Barba), Arnaldo Ferreira Lopes (Ferreirinha) e Ronaldinho Birunda, participaram na tarde desta ter\u00e7a-feira (26) de uma audi\u00eancia p\u00fablica na sede da CODEAM em Garanhuns, com a presen\u00e7a do Secret\u00e1rio Estadual de Defesa Social, Alessandro Carvalho. O assunto era a seguran\u00e7a p\u00fablica no Agreste Meridional pernambucano, regi\u00e3o que vem despontando [&hellip;]<\/p>\n","protected":false},"author":1,"featured_media":0,"comment_status":"open","ping_status":"open","sticky":false,"template":"","format":"standard","meta":{"footnotes":""},"categories":[2],"tags":[],"class_list":["post-1842","post","type-post","status-publish","format-standard","hentry","category-noticias-do-dia"],"_links":{"self":[{"href":"https:\/\/www.saloanoticias.com\/v1\/wp-json\/wp\/v2\/posts\/1842","targetHints":{"allow":["GET"]}}],"collection":[{"href":"https:\/\/www.saloanoticias.com\/v1\/wp-json\/wp\/v2\/posts"}],"about":[{"href":"https:\/\/www.saloanoticias.com\/v1\/wp-json\/wp\/v2\/types\/post"}],"author":[{"embeddable":true,"href":"https:\/\/www.saloanoticias.com\/v1\/wp-json\/wp\/v2\/users\/1"}],"replies":[{"embeddable":true,"href":"https:\/\/www.saloanoticias.com\/v1\/wp-json\/wp\/v2\/comments?post=1842"}],"version-history":[{"count":0,"href":"https:\/\/www.saloanoticias.com\/v1\/wp-json\/wp\/v2\/posts\/1842\/revisions"}],"wp:attachment":[{"href":"https:\/\/www.saloanoticias.com\/v1\/wp-json\/wp\/v2\/media?parent=1842"}],"wp:term":[{"taxonomy":"category","embeddable":true,"href":"https:\/\/www.saloanoticias.com\/v1\/wp-json\/wp\/v2\/categories?post=1842"},{"taxonomy":"post_tag","embeddable":true,"href":"https:\/\/www.saloanoticias.com\/v1\/wp-json\/wp\/v2\/tags?post=1842"}],"curies":[{"name":"wp","href":"https:\/\/api.w.org\/{rel}","templated":true}]}}