{"id":1841,"date":"2015-05-26T22:07:48","date_gmt":"2015-05-26T22:07:48","guid":{"rendered":"https:\/\/saloanoticias.mrmediaweb.com\/v1\/2015\/05\/26\/tce-aprova-contas-de-ricardo-alves-relativas-a-2013\/"},"modified":"2015-05-26T22:07:48","modified_gmt":"2015-05-26T22:07:48","slug":"tce-aprova-contas-de-ricardo-alves-relativas-a-2013","status":"publish","type":"post","link":"https:\/\/www.saloanoticias.com\/v1\/tce-aprova-contas-de-ricardo-alves-relativas-a-2013\/","title":{"rendered":"TCE\/PE APROVA CONTAS DE RICARDO ALVES RELATIVAS AO ANO DE 2013"},"content":{"rendered":"<p align=\"justify\"><font size=\"3\" face=\"Arial\"><a href=\"http:\/\/www.saloanoticias.com\/images\/dsc_0670.jpg\"><img loading=\"lazy\" decoding=\"async\" title=\"DSC_0670\" style=\"border-left-width: 0px; border-right-width: 0px; background-image: none; border-bottom-width: 0px; float: left; padding-top: 0px; padding-left: 0px; margin: 5px 5px 0px 0px; display: inline; padding-right: 0px; border-top-width: 0px\" border=\"0\" alt=\"DSC_0670\" src=\"http:\/\/www.saloanoticias.com\/v1\/wp-content\/uploads\/imagens\/dsc_0670_thumb.jpg\" width=\"236\" align=\"left\" height=\"240\"><\/a>O prefeito de Salo\u00e1, Sr. Manoel Ricardo de Andrade Lima Alves, vem provando a cada dia que est\u00e1 fazendo uma gest\u00e3o s\u00e9ria e honesta, comprometida com a popula\u00e7\u00e3o e prestando contas do que faz junto ao povo bem como aos \u00f3rg\u00e3os fiscalizadores externos. Prova disso, \u00e9 que suas contas referentes a gest\u00e3o financeira do ano de 2013 foram julgadas na tarde desta ter\u00e7a-feira, dia 26 de maio de 2015, e foram aprovadas pelos conselheiros do TCE\/PE (Tribunal de Contas do Estado de Pernambuco), balizando assim, a sua excelente gest\u00e3o a frente do poder executivo municipal.<\/font><\/p>\n<p align=\"justify\"><font size=\"3\" face=\"Arial\">As contas aprovadas ser\u00e3o encaminhadas a C\u00e2mara dos Vereadores de Salo\u00e1 para dar conhecimento aos edis da decis\u00e3o do colegiado de contas. <\/font><font size=\"3\" face=\"Arial\">Acreditamos que Ricardo \u00e9 o primeiro prefeito de Salo\u00e1 a ter suas contas aprovadas j\u00e1 no primeiro ano de gest\u00e3o. O processo que trata dessas contas tem o n\u00famero 1490091-9 e teve como relator o conselheiro Adriano Cisneiros e o procurador do gestor foi o advogado Lucicl\u00e1udio G\u00f3is de Oliveira Silva.<\/font><\/p>\n<p align=\"justify\"><font size=\"3\" face=\"Arial\">Parab\u00e9ns ao prefeito pela gest\u00e3o transparente e eficiente, \u00e9 assim que se governa com seriedade, disse um dos assessores do prefeito que nos passou esta not\u00edcia. Mais informa\u00e7\u00f5es voc\u00ea encontra atrav\u00e9s do site do TCE\/PE pelo site <a href=\"http:\/\/www.tce.pe.gov.br\">www.tce.pe.gov.br<\/a> .<\/font><\/p>\n<div style=\"margin-top: 0px; margin-bottom: 0px;\" class=\"sharethis-inline-share-buttons\" ><\/div>","protected":false},"excerpt":{"rendered":"<p>O prefeito de Salo\u00e1, Sr. Manoel Ricardo de Andrade Lima Alves, vem provando a cada dia que est\u00e1 fazendo uma gest\u00e3o s\u00e9ria e honesta, comprometida com a popula\u00e7\u00e3o e prestando contas do que faz junto ao povo bem como aos \u00f3rg\u00e3os fiscalizadores externos. Prova disso, \u00e9 que suas contas referentes a gest\u00e3o financeira do ano [&hellip;]<\/p>\n","protected":false},"author":1,"featured_media":0,"comment_status":"open","ping_status":"open","sticky":false,"template":"","format":"standard","meta":{"footnotes":""},"categories":[2],"tags":[],"class_list":["post-1841","post","type-post","status-publish","format-standard","hentry","category-noticias-do-dia"],"_links":{"self":[{"href":"https:\/\/www.saloanoticias.com\/v1\/wp-json\/wp\/v2\/posts\/1841","targetHints":{"allow":["GET"]}}],"collection":[{"href":"https:\/\/www.saloanoticias.com\/v1\/wp-json\/wp\/v2\/posts"}],"about":[{"href":"https:\/\/www.saloanoticias.com\/v1\/wp-json\/wp\/v2\/types\/post"}],"author":[{"embeddable":true,"href":"https:\/\/www.saloanoticias.com\/v1\/wp-json\/wp\/v2\/users\/1"}],"replies":[{"embeddable":true,"href":"https:\/\/www.saloanoticias.com\/v1\/wp-json\/wp\/v2\/comments?post=1841"}],"version-history":[{"count":0,"href":"https:\/\/www.saloanoticias.com\/v1\/wp-json\/wp\/v2\/posts\/1841\/revisions"}],"wp:attachment":[{"href":"https:\/\/www.saloanoticias.com\/v1\/wp-json\/wp\/v2\/media?parent=1841"}],"wp:term":[{"taxonomy":"category","embeddable":true,"href":"https:\/\/www.saloanoticias.com\/v1\/wp-json\/wp\/v2\/categories?post=1841"},{"taxonomy":"post_tag","embeddable":true,"href":"https:\/\/www.saloanoticias.com\/v1\/wp-json\/wp\/v2\/tags?post=1841"}],"curies":[{"name":"wp","href":"https:\/\/api.w.org\/{rel}","templated":true}]}}