{"id":1840,"date":"2015-05-26T11:00:00","date_gmt":"2015-05-26T11:00:00","guid":{"rendered":"https:\/\/saloanoticias.mrmediaweb.com\/v1\/2015\/05\/26\/catolicos-celebraram-o-12-saloa-em-missao\/"},"modified":"2015-05-26T11:00:00","modified_gmt":"2015-05-26T11:00:00","slug":"catolicos-celebraram-o-12-saloa-em-missao","status":"publish","type":"post","link":"https:\/\/www.saloanoticias.com\/v1\/catolicos-celebraram-o-12-saloa-em-missao\/","title":{"rendered":"A COMUNIDADE CAT\u00d3LICA CELEBROU A 12\u00aa EDI\u00c7\u00c3O DO SALO\u00c1 EM MISS\u00c3O"},"content":{"rendered":"<p align=\"justify\"><font size=\"3\" face=\"Arial\"><a href=\"http:\/\/www.saloanoticias.com\/images\/salo-notcias-10_0a928086c1382ff664c1addf1a73aa26.jpg\"><img loading=\"lazy\" decoding=\"async\" title=\"Salo&aacute; Not&iacute;cias 10\" style=\"border-top: 0px; border-right: 0px; background-image: none; border-bottom: 0px; float: none; padding-top: 0px; padding-left: 0px; margin: 0px auto 10px; border-left: 0px; display: block; padding-right: 0px\" border=\"0\" alt=\"Salo&aacute; Not&iacute;cias 10\" src=\"http:\/\/www.saloanoticias.com\/v1\/wp-content\/uploads\/imagens\/salo-notcias-10_thumb_f84cf27fc75a7d10b3c961cd7669c044.jpg\" width=\"535\" height=\"312\"><\/a>No dia de ontem, a Par\u00f3quia de S\u00e3o Vicente de Paulo promoveu mais um Salo\u00e1 em Miss\u00e3o no Espirito. Mesmo em um per\u00edodo de vac\u00e2ncia, houve com \u00eaxito o evento que j\u00e1 est\u00e1 marcado na tradi\u00e7\u00e3o da comunidade cat\u00f3lica de Salo\u00e1. H\u00e1 mais de doze anos que toda a par\u00f3quia se re\u00fane para invocar a presen\u00e7a e for\u00e7a do divino espirito santo, forma que mostra que o Pentecoste dever se sempre renovado, no nosso dia a dia. <\/font><font size=\"3\" face=\"Arial\">Com o tema \u201creavivai a chama\u201d, a festividade contou com momentos de louvor, prega\u00e7\u00f5es, adora\u00e7\u00e3o do Sant\u00edssimo Sacramento e encerrando com a Celebra\u00e7\u00e3o da Santa Missa. Fonte: Blog da Par\u00f3quia de S\u00e3o Vicente de Paulo.<\/font> <\/p>\n<p align=\"justify\"><font size=\"3\" face=\"Arial\"><a href=\"http:\/\/www.saloanoticias.com\/images\/06_1da63870227ddca4929e58246b8e33bf.jpg\"><img loading=\"lazy\" decoding=\"async\" title=\"06\" style=\"border-top: 0px; border-right: 0px; background-image: none; border-bottom: 0px; float: none; padding-top: 0px; padding-left: 0px; margin: 10px auto; border-left: 0px; display: block; padding-right: 0px\" border=\"0\" alt=\"06\" src=\"http:\/\/www.saloanoticias.com\/v1\/wp-content\/uploads\/imagens\/06_thumb_a02a7a49520e3dc57f66a63c5a896c2e.jpg\" width=\"536\" height=\"402\"><\/a><\/font> <\/p>\n<p align=\"justify\"><font size=\"3\" face=\"Arial\"><a href=\"http:\/\/www.saloanoticias.com\/images\/salo-notcias_f2320824e4ca4ead7aab702d7763fec3.jpg\"><img loading=\"lazy\" decoding=\"async\" title=\"Salo&aacute; Not&iacute;cias\" style=\"border-top: 0px; border-right: 0px; background-image: none; border-bottom: 0px; float: none; padding-top: 0px; padding-left: 0px; margin: 10px auto; border-left: 0px; display: block; padding-right: 0px\" border=\"0\" alt=\"Salo&aacute; Not&iacute;cias\" src=\"http:\/\/www.saloanoticias.com\/v1\/wp-content\/uploads\/imagens\/salo-notcias_thumb_e5664a704f88a913fc6da9855b1cd123.jpg\" width=\"538\" height=\"321\"><\/a><\/font><\/p>\n<div style=\"margin-top: 0px; margin-bottom: 0px;\" class=\"sharethis-inline-share-buttons\" ><\/div>","protected":false},"excerpt":{"rendered":"<p>No dia de ontem, a Par\u00f3quia de S\u00e3o Vicente de Paulo promoveu mais um Salo\u00e1 em Miss\u00e3o no Espirito. Mesmo em um per\u00edodo de vac\u00e2ncia, houve com \u00eaxito o evento que j\u00e1 est\u00e1 marcado na tradi\u00e7\u00e3o da comunidade cat\u00f3lica de Salo\u00e1. H\u00e1 mais de doze anos que toda a par\u00f3quia se re\u00fane para invocar a [&hellip;]<\/p>\n","protected":false},"author":1,"featured_media":0,"comment_status":"open","ping_status":"open","sticky":false,"template":"","format":"standard","meta":{"footnotes":""},"categories":[2],"tags":[],"class_list":["post-1840","post","type-post","status-publish","format-standard","hentry","category-noticias-do-dia"],"_links":{"self":[{"href":"https:\/\/www.saloanoticias.com\/v1\/wp-json\/wp\/v2\/posts\/1840","targetHints":{"allow":["GET"]}}],"collection":[{"href":"https:\/\/www.saloanoticias.com\/v1\/wp-json\/wp\/v2\/posts"}],"about":[{"href":"https:\/\/www.saloanoticias.com\/v1\/wp-json\/wp\/v2\/types\/post"}],"author":[{"embeddable":true,"href":"https:\/\/www.saloanoticias.com\/v1\/wp-json\/wp\/v2\/users\/1"}],"replies":[{"embeddable":true,"href":"https:\/\/www.saloanoticias.com\/v1\/wp-json\/wp\/v2\/comments?post=1840"}],"version-history":[{"count":0,"href":"https:\/\/www.saloanoticias.com\/v1\/wp-json\/wp\/v2\/posts\/1840\/revisions"}],"wp:attachment":[{"href":"https:\/\/www.saloanoticias.com\/v1\/wp-json\/wp\/v2\/media?parent=1840"}],"wp:term":[{"taxonomy":"category","embeddable":true,"href":"https:\/\/www.saloanoticias.com\/v1\/wp-json\/wp\/v2\/categories?post=1840"},{"taxonomy":"post_tag","embeddable":true,"href":"https:\/\/www.saloanoticias.com\/v1\/wp-json\/wp\/v2\/tags?post=1840"}],"curies":[{"name":"wp","href":"https:\/\/api.w.org\/{rel}","templated":true}]}}