{"id":1839,"date":"2015-05-25T18:30:00","date_gmt":"2015-05-25T18:30:00","guid":{"rendered":"https:\/\/saloanoticias.mrmediaweb.com\/v1\/2015\/05\/25\/escola-sao-vicente-inicia-os-ensaios-da-quadrilha-junina\/"},"modified":"2015-05-25T18:30:00","modified_gmt":"2015-05-25T18:30:00","slug":"escola-sao-vicente-inicia-os-ensaios-da-quadrilha-junina","status":"publish","type":"post","link":"https:\/\/www.saloanoticias.com\/v1\/escola-sao-vicente-inicia-os-ensaios-da-quadrilha-junina\/","title":{"rendered":"ESCOLA S\u00c3O VICENTE INICIOU OS ENSAIOS DA QUADRILHA JUNINA"},"content":{"rendered":"<p align=\"justify\"><font size=\"3\" face=\"Arial\"><a href=\"http:\/\/www.saloanoticias.com\/images\/salo-notcias_49070e42bed6ebcb12cd6e5da2607ccf.jpg\"><img loading=\"lazy\" decoding=\"async\" title=\"Salo&aacute; Not&iacute;cias\" style=\"border-left-width: 0px; border-right-width: 0px; background-image: none; border-bottom-width: 0px; float: none; padding-top: 0px; padding-left: 0px; margin: 0px auto 10px; display: block; padding-right: 0px; border-top-width: 0px\" border=\"0\" alt=\"Salo&aacute; Not&iacute;cias\" src=\"http:\/\/www.saloanoticias.com\/v1\/wp-content\/uploads\/imagens\/salo-notcias_thumb_e01b0c42d573eff527e6546cd273a2ea.jpg\" width=\"555\" height=\"368\"><\/a>A escola S\u00e3o Vicente em Salo\u00e1 j\u00e1 est\u00e1 se preparando para realizar um dos melhores festejos juninos j\u00e1 vividos pela popula\u00e7\u00e3o. Nesta segunda-feira (25), os estudantes iniciaram os ensaios para a Quadrilha Junina, que ir\u00e1 homenagear os vaqueiros da regi\u00e3o, sem deixar, no entanto, de primar pelas ra\u00edzes do forr\u00f3 p\u00e9-de-serra, uma escolha que foi realizada pelos professores e coordena\u00e7\u00e3o pedag\u00f3gica do munic\u00edpio. <\/font><font size=\"3\" face=\"Arial\">\u201cN\u00f3s realizamos reuni\u00e3o com professores, coordena\u00e7\u00e3o pedag\u00f3gica e a pr\u00f3pria secret\u00e1ria de educa\u00e7\u00e3o, Josevalda Cavalcante, para escolha de uma tema e estilo que agrade a todos.<\/font>  <\/p>\n<p align=\"justify\"><a href=\"http:\/\/www.saloanoticias.com\/images\/salo-notcias-10_24b0e20e97d186578be8434583373338.jpg\"><img loading=\"lazy\" decoding=\"async\" title=\"Salo&aacute; Not&iacute;cias 10\" style=\"border-left-width: 0px; border-right-width: 0px; background-image: none; border-bottom-width: 0px; float: none; padding-top: 0px; padding-left: 0px; margin: 10px auto; display: block; padding-right: 0px; border-top-width: 0px\" border=\"0\" alt=\"Salo&aacute; Not&iacute;cias 10\" src=\"http:\/\/www.saloanoticias.com\/v1\/wp-content\/uploads\/imagens\/salo-notcias-10_thumb_b4d77974442aa62e6dfdbd781ab0e5be.jpg\" width=\"553\" height=\"366\"><\/a>  <\/p>\n<p align=\"justify\"><font size=\"3\" face=\"Arial\">Por este motivo, vamos trabalhar uma quadrilha que tem express\u00f5es tradicionais, mas inserindo no entanto, elementos inovadores, como o pr\u00f3prio jeito de dan\u00e7ar o nosso aut\u00eantico forr\u00f3\u201d, destacou o diretor de cultura, Pacheco Neto. <\/font><font size=\"3\" face=\"Arial\">O governo municipal de Salo\u00e1 tem dedicado total apoio \u00e0 Quadrilha Junina e est\u00e1 viabilizando todo o figurino dos participantes. Ano passado (2014), a Quadrilha foi destaque durante o per\u00edodo do Festival de Inverno de Garanhuns, se apresentando no Casar\u00e3o das Artes.<\/font>  <\/p>\n<p align=\"justify\"><a href=\"http:\/\/www.saloanoticias.com\/images\/06_aa87bb6a36096501a3363868634d0acb.jpg\"><img loading=\"lazy\" decoding=\"async\" title=\"06\" style=\"border-left-width: 0px; border-right-width: 0px; background-image: none; border-bottom-width: 0px; float: none; padding-top: 0px; padding-left: 0px; margin: 10px auto; display: block; padding-right: 0px; border-top-width: 0px\" border=\"0\" alt=\"06\" src=\"http:\/\/www.saloanoticias.com\/v1\/wp-content\/uploads\/imagens\/06_thumb_78439163e70af9836a7c655649fe4d78.jpg\" width=\"554\" height=\"367\"><\/a>  <\/p>\n<p align=\"justify\"><font size=\"3\" face=\"Arial\">Este ano os organizadores j\u00e1 receberam v\u00e1rios convites. A primeira apresenta\u00e7\u00e3o acontecer\u00e1 no dia 12 de junho, em Garanhuns, a convite do Pr\u00f3 Jovem Urbano. Segundo a Secretaria de Educa\u00e7\u00e3o e Cultura, os organizadores tamb\u00e9m j\u00e1 est\u00e3o preparando o segundo concurso de Quadrilhas Juninas, que ocorrer\u00e1 no munic\u00edpio e contar\u00e1 com cerca de 10 equipes de v\u00e1rias cidades.<\/font><\/p>\n<div style=\"margin-top: 0px; margin-bottom: 0px;\" class=\"sharethis-inline-share-buttons\" ><\/div>","protected":false},"excerpt":{"rendered":"<p>A escola S\u00e3o Vicente em Salo\u00e1 j\u00e1 est\u00e1 se preparando para realizar um dos melhores festejos juninos j\u00e1 vividos pela popula\u00e7\u00e3o. Nesta segunda-feira (25), os estudantes iniciaram os ensaios para a Quadrilha Junina, que ir\u00e1 homenagear os vaqueiros da regi\u00e3o, sem deixar, no entanto, de primar pelas ra\u00edzes do forr\u00f3 p\u00e9-de-serra, uma escolha que foi [&hellip;]<\/p>\n","protected":false},"author":1,"featured_media":0,"comment_status":"open","ping_status":"open","sticky":false,"template":"","format":"standard","meta":{"footnotes":""},"categories":[2],"tags":[],"class_list":["post-1839","post","type-post","status-publish","format-standard","hentry","category-noticias-do-dia"],"_links":{"self":[{"href":"https:\/\/www.saloanoticias.com\/v1\/wp-json\/wp\/v2\/posts\/1839","targetHints":{"allow":["GET"]}}],"collection":[{"href":"https:\/\/www.saloanoticias.com\/v1\/wp-json\/wp\/v2\/posts"}],"about":[{"href":"https:\/\/www.saloanoticias.com\/v1\/wp-json\/wp\/v2\/types\/post"}],"author":[{"embeddable":true,"href":"https:\/\/www.saloanoticias.com\/v1\/wp-json\/wp\/v2\/users\/1"}],"replies":[{"embeddable":true,"href":"https:\/\/www.saloanoticias.com\/v1\/wp-json\/wp\/v2\/comments?post=1839"}],"version-history":[{"count":0,"href":"https:\/\/www.saloanoticias.com\/v1\/wp-json\/wp\/v2\/posts\/1839\/revisions"}],"wp:attachment":[{"href":"https:\/\/www.saloanoticias.com\/v1\/wp-json\/wp\/v2\/media?parent=1839"}],"wp:term":[{"taxonomy":"category","embeddable":true,"href":"https:\/\/www.saloanoticias.com\/v1\/wp-json\/wp\/v2\/categories?post=1839"},{"taxonomy":"post_tag","embeddable":true,"href":"https:\/\/www.saloanoticias.com\/v1\/wp-json\/wp\/v2\/tags?post=1839"}],"curies":[{"name":"wp","href":"https:\/\/api.w.org\/{rel}","templated":true}]}}