{"id":1838,"date":"2015-05-25T01:48:33","date_gmt":"2015-05-25T01:48:33","guid":{"rendered":"https:\/\/saloanoticias.mrmediaweb.com\/v1\/2015\/05\/25\/malafai-responde-as-criticas-feita-por-lula-aos-evangelicos\/"},"modified":"2015-05-25T01:48:33","modified_gmt":"2015-05-25T01:48:33","slug":"malafai-responde-as-criticas-feita-por-lula-aos-evangelicos","status":"publish","type":"post","link":"https:\/\/www.saloanoticias.com\/v1\/malafai-responde-as-criticas-feita-por-lula-aos-evangelicos\/","title":{"rendered":"MALAFAIA RESPONDEU \u00c0S CR\u00cdTICAS FEITAS POR LULA A PASTORES EVANG\u00c9LICOS"},"content":{"rendered":"<p align=\"justify\"><font size=\"3\" face=\"Arial\"><a href=\"http:\/\/www.saloanoticias.com\/images\/mala_38f19dd957b0e7417f6e723c06c7175c.jpg\"><img loading=\"lazy\" decoding=\"async\" title=\"Mala\" style=\"border-left-width: 0px; border-right-width: 0px; background-image: none; border-bottom-width: 0px; float: left; padding-top: 0px; padding-left: 0px; margin: 5px 5px 0px 0px; display: inline; padding-right: 0px; border-top-width: 0px\" border=\"0\" alt=\"Mala\" src=\"http:\/\/www.saloanoticias.com\/v1\/wp-content\/uploads\/imagens\/mala_thumb_ab550f94dbff4789ec909d354062147b.jpg\" width=\"276\" align=\"left\" height=\"192\"><\/a>Uma declara\u00e7\u00e3o feita pelo ex-presidente Luiz In\u00e1cio Lula da Silva em numa palestra em S\u00e3o Paulo causou uma imensa repercuss\u00e3o nos v\u00e1rios meios de comunica\u00e7\u00e3o esta semana, e por isso, Silas Malafaia deu uma resposta sensata ao ex-presidente, dizendo: <\/font><font size=\"3\" face=\"Arial\">\u201cO mensal\u00e3o n\u00e3o foi o Diabo n\u00e3o, foi o PT. A roubalheira na Petrobras n\u00e3o foi o Diabo n\u00e3o, foi o PT. S\u00f3 existe uma coisa que Deus atribui a paternidade ao Diabo: a mentira. (\u2026) Sabe, quando um homem mente descaradamente ele se parece com o Diabo. Lula, que tal voc\u00ea falar toda a verdade e parar de enganar o povo brasileiro?\u201d Pastor Silas Malafaia.<\/font>  <\/p>\n<p align=\"justify\"><font size=\"3\" face=\"Arial\">Confira o v\u00eddeo abaixo com a resposta do religioso \u00e0s cr\u00edticas feitas por Lula. Dessa vez valeu a m\u00e1xima: Quem fala o que quer, houve o que n\u00e3o quer !<\/font>  <\/p>\n<p align=\"justify\"><iframe loading=\"lazy\" style=\"height: 315px; width: 744px\" height=\"315\" src=\"https:\/\/www.youtube.com\/embed\/R70-lVXQbfI\" frameborder=\"0\" width=\"560\" allowfullscreen><\/iframe><\/p>\n<div style=\"margin-top: 0px; margin-bottom: 0px;\" class=\"sharethis-inline-share-buttons\" ><\/div>","protected":false},"excerpt":{"rendered":"<p>Uma declara\u00e7\u00e3o feita pelo ex-presidente Luiz In\u00e1cio Lula da Silva em numa palestra em S\u00e3o Paulo causou uma imensa repercuss\u00e3o nos v\u00e1rios meios de comunica\u00e7\u00e3o esta semana, e por isso, Silas Malafaia deu uma resposta sensata ao ex-presidente, dizendo: \u201cO mensal\u00e3o n\u00e3o foi o Diabo n\u00e3o, foi o PT. A roubalheira na Petrobras n\u00e3o foi [&hellip;]<\/p>\n","protected":false},"author":1,"featured_media":0,"comment_status":"open","ping_status":"open","sticky":false,"template":"","format":"standard","meta":{"footnotes":""},"categories":[2],"tags":[],"class_list":["post-1838","post","type-post","status-publish","format-standard","hentry","category-noticias-do-dia"],"_links":{"self":[{"href":"https:\/\/www.saloanoticias.com\/v1\/wp-json\/wp\/v2\/posts\/1838","targetHints":{"allow":["GET"]}}],"collection":[{"href":"https:\/\/www.saloanoticias.com\/v1\/wp-json\/wp\/v2\/posts"}],"about":[{"href":"https:\/\/www.saloanoticias.com\/v1\/wp-json\/wp\/v2\/types\/post"}],"author":[{"embeddable":true,"href":"https:\/\/www.saloanoticias.com\/v1\/wp-json\/wp\/v2\/users\/1"}],"replies":[{"embeddable":true,"href":"https:\/\/www.saloanoticias.com\/v1\/wp-json\/wp\/v2\/comments?post=1838"}],"version-history":[{"count":0,"href":"https:\/\/www.saloanoticias.com\/v1\/wp-json\/wp\/v2\/posts\/1838\/revisions"}],"wp:attachment":[{"href":"https:\/\/www.saloanoticias.com\/v1\/wp-json\/wp\/v2\/media?parent=1838"}],"wp:term":[{"taxonomy":"category","embeddable":true,"href":"https:\/\/www.saloanoticias.com\/v1\/wp-json\/wp\/v2\/categories?post=1838"},{"taxonomy":"post_tag","embeddable":true,"href":"https:\/\/www.saloanoticias.com\/v1\/wp-json\/wp\/v2\/tags?post=1838"}],"curies":[{"name":"wp","href":"https:\/\/api.w.org\/{rel}","templated":true}]}}