{"id":1836,"date":"2015-05-24T15:07:55","date_gmt":"2015-05-24T15:07:55","guid":{"rendered":"https:\/\/saloanoticias.mrmediaweb.com\/v1\/2015\/05\/24\/aniversariante-do-dia-claudier-silva\/"},"modified":"2015-05-24T15:07:55","modified_gmt":"2015-05-24T15:07:55","slug":"aniversariante-do-dia-claudier-silva","status":"publish","type":"post","link":"https:\/\/www.saloanoticias.com\/v1\/aniversariante-do-dia-claudier-silva\/","title":{"rendered":"ANIVERSARIANTE DO DIA: CLAUDIER SILVA"},"content":{"rendered":"<p align=\"justify\"><font size=\"3\" face=\"Arial\"><a href=\"http:\/\/www.saloanoticias.com\/images\/salo-notcias_6cf1a6b9b61200f020b414cd0efe981a.jpg\"><img loading=\"lazy\" decoding=\"async\" title=\"Salo&aacute; Not&iacute;cias\" style=\"border-top: 0px; border-right: 0px; background-image: none; border-bottom: 0px; float: none; padding-top: 0px; padding-left: 0px; margin: 0px auto 10px; border-left: 0px; display: block; padding-right: 0px\" border=\"0\" alt=\"Salo&aacute; Not&iacute;cias\" src=\"http:\/\/www.saloanoticias.com\/v1\/wp-content\/uploads\/imagens\/salo-notcias_thumb_2fceee16d1f05059d023b31a5b24a38e.jpg\" width=\"469\" height=\"354\"><\/a>Quem est\u00e1 de idade nova neste domingo, dia 24 de maio, \u00e9 o empres\u00e1rio Claudier Silva, propriet\u00e1rio da Farm\u00e1cia S\u00e3o Vicente e da Loja Danyle Baby. Claudier Silva \u00e9 conhecido na regi\u00e3o pela aten\u00e7\u00e3o que dispensa aos seus clientes e sabe da import\u00e2ncia de atender sempre bem as pessoas. Esta sem d\u00favidas \u00e9 uma data bastante especial para ele e por isso, queremos desejar os votos de sa\u00fade, paz e felicidades. Fica aqui o nosso registro e felicita\u00e7\u00f5es. <\/font> <\/p>\n<p align=\"justify\"><font size=\"3\" face=\"Arial\">Na foto acima, vemos o aniversariante ao lado de sua esposa e escudeira Ednalva Silva.<\/font><\/p>\n<div style=\"margin-top: 0px; margin-bottom: 0px;\" class=\"sharethis-inline-share-buttons\" ><\/div>","protected":false},"excerpt":{"rendered":"<p>Quem est\u00e1 de idade nova neste domingo, dia 24 de maio, \u00e9 o empres\u00e1rio Claudier Silva, propriet\u00e1rio da Farm\u00e1cia S\u00e3o Vicente e da Loja Danyle Baby. Claudier Silva \u00e9 conhecido na regi\u00e3o pela aten\u00e7\u00e3o que dispensa aos seus clientes e sabe da import\u00e2ncia de atender sempre bem as pessoas. Esta sem d\u00favidas \u00e9 uma data [&hellip;]<\/p>\n","protected":false},"author":1,"featured_media":0,"comment_status":"open","ping_status":"open","sticky":false,"template":"","format":"standard","meta":{"footnotes":""},"categories":[2],"tags":[],"class_list":["post-1836","post","type-post","status-publish","format-standard","hentry","category-noticias-do-dia"],"_links":{"self":[{"href":"https:\/\/www.saloanoticias.com\/v1\/wp-json\/wp\/v2\/posts\/1836","targetHints":{"allow":["GET"]}}],"collection":[{"href":"https:\/\/www.saloanoticias.com\/v1\/wp-json\/wp\/v2\/posts"}],"about":[{"href":"https:\/\/www.saloanoticias.com\/v1\/wp-json\/wp\/v2\/types\/post"}],"author":[{"embeddable":true,"href":"https:\/\/www.saloanoticias.com\/v1\/wp-json\/wp\/v2\/users\/1"}],"replies":[{"embeddable":true,"href":"https:\/\/www.saloanoticias.com\/v1\/wp-json\/wp\/v2\/comments?post=1836"}],"version-history":[{"count":0,"href":"https:\/\/www.saloanoticias.com\/v1\/wp-json\/wp\/v2\/posts\/1836\/revisions"}],"wp:attachment":[{"href":"https:\/\/www.saloanoticias.com\/v1\/wp-json\/wp\/v2\/media?parent=1836"}],"wp:term":[{"taxonomy":"category","embeddable":true,"href":"https:\/\/www.saloanoticias.com\/v1\/wp-json\/wp\/v2\/categories?post=1836"},{"taxonomy":"post_tag","embeddable":true,"href":"https:\/\/www.saloanoticias.com\/v1\/wp-json\/wp\/v2\/tags?post=1836"}],"curies":[{"name":"wp","href":"https:\/\/api.w.org\/{rel}","templated":true}]}}