{"id":1834,"date":"2015-05-23T11:00:00","date_gmt":"2015-05-23T11:00:00","guid":{"rendered":"https:\/\/saloanoticias.mrmediaweb.com\/v1\/2015\/05\/23\/centenas-de-pessoas-acompanham-sepultamentos-em-saloa-e-paranatama\/"},"modified":"2015-05-23T11:00:00","modified_gmt":"2015-05-23T11:00:00","slug":"centenas-de-pessoas-acompanham-sepultamentos-em-saloa-e-paranatama","status":"publish","type":"post","link":"https:\/\/www.saloanoticias.com\/v1\/centenas-de-pessoas-acompanham-sepultamentos-em-saloa-e-paranatama\/","title":{"rendered":"CENTENAS DE PESSOAS ACOMPANHARAM OS SEPULTAMENTOS DE GEAN E TONHO"},"content":{"rendered":"<p align=\"justify\"><font size=\"3\" face=\"Arial\"><a href=\"http:\/\/www.saloanoticias.com\/images\/salo-notcias-10_692cc3b69f9cc9e98e5ebd3cf96fc853.jpg\"><img loading=\"lazy\" decoding=\"async\" title=\"Salo&aacute; Not&iacute;cias 10\" style=\"border-top: 0px; border-right: 0px; background-image: none; border-bottom: 0px; float: none; padding-top: 0px; padding-left: 0px; margin: 0px auto 10px; border-left: 0px; display: block; padding-right: 0px\" border=\"0\" alt=\"Salo&aacute; Not&iacute;cias 10\" src=\"http:\/\/www.saloanoticias.com\/v1\/wp-content\/uploads\/imagens\/salo-notcias-10_thumb_4f1c536b0f83bbeaa5131ec2271b5b32.jpg\" width=\"473\" height=\"284\"><\/a>Foi muito grande o clima de tristeza na cidade de Salo\u00e1 na tarde desta sexta-feira (22), por conta dos vel\u00f3rios de Gean Oliveira Brand\u00e3o, conhecido por Gean da Padaria, e de Ant\u00f4nio Pereira de Melo, o Tonho de Ciada. Nos locais onde os corpos estavam sendo velados o sentimento de tristeza era ainda maior, tanto de familiares das v\u00edtimas quanto de populares que iam visitar o vel\u00f3rio. Na hora dos cortejos f\u00fanebres uma verdadeira multid\u00e3o acompanhou em sil\u00eancio at\u00e9 o cemit\u00e9rio de Salo\u00e1, onde foi sepultado o jovem Gean e ao cemit\u00e9rio de Paranatama, onde Ant\u00f4nio foi enterrado.<\/font><\/p>\n<p align=\"justify\"><font size=\"3\" face=\"Arial\">Em cidades pequenas do interior \u00e9 normal que isso aconte\u00e7a, j\u00e1 que os moradores s\u00e3o quase todos conhecido e quando aconteceu uma trag\u00e9dia como essas todos ficam comovidos. O empres\u00e1rio Gean da Padaria foi sepultado \u00e0s 15:00 em Salo\u00e1 e Tonho de Ciada \u00e0s 16:00 na cidade de Paranatama. Ambos foram v\u00edtimas de um duplo homic\u00eddio no s\u00edtio Umbuzeiro na zona rural de Paranatama.<\/font><\/p>\n<div style=\"margin-top: 0px; margin-bottom: 0px;\" class=\"sharethis-inline-share-buttons\" ><\/div>","protected":false},"excerpt":{"rendered":"<p>Foi muito grande o clima de tristeza na cidade de Salo\u00e1 na tarde desta sexta-feira (22), por conta dos vel\u00f3rios de Gean Oliveira Brand\u00e3o, conhecido por Gean da Padaria, e de Ant\u00f4nio Pereira de Melo, o Tonho de Ciada. Nos locais onde os corpos estavam sendo velados o sentimento de tristeza era ainda maior, tanto [&hellip;]<\/p>\n","protected":false},"author":1,"featured_media":0,"comment_status":"open","ping_status":"open","sticky":false,"template":"","format":"standard","meta":{"footnotes":""},"categories":[2],"tags":[],"class_list":["post-1834","post","type-post","status-publish","format-standard","hentry","category-noticias-do-dia"],"_links":{"self":[{"href":"https:\/\/www.saloanoticias.com\/v1\/wp-json\/wp\/v2\/posts\/1834","targetHints":{"allow":["GET"]}}],"collection":[{"href":"https:\/\/www.saloanoticias.com\/v1\/wp-json\/wp\/v2\/posts"}],"about":[{"href":"https:\/\/www.saloanoticias.com\/v1\/wp-json\/wp\/v2\/types\/post"}],"author":[{"embeddable":true,"href":"https:\/\/www.saloanoticias.com\/v1\/wp-json\/wp\/v2\/users\/1"}],"replies":[{"embeddable":true,"href":"https:\/\/www.saloanoticias.com\/v1\/wp-json\/wp\/v2\/comments?post=1834"}],"version-history":[{"count":0,"href":"https:\/\/www.saloanoticias.com\/v1\/wp-json\/wp\/v2\/posts\/1834\/revisions"}],"wp:attachment":[{"href":"https:\/\/www.saloanoticias.com\/v1\/wp-json\/wp\/v2\/media?parent=1834"}],"wp:term":[{"taxonomy":"category","embeddable":true,"href":"https:\/\/www.saloanoticias.com\/v1\/wp-json\/wp\/v2\/categories?post=1834"},{"taxonomy":"post_tag","embeddable":true,"href":"https:\/\/www.saloanoticias.com\/v1\/wp-json\/wp\/v2\/tags?post=1834"}],"curies":[{"name":"wp","href":"https:\/\/api.w.org\/{rel}","templated":true}]}}