{"id":1833,"date":"2015-05-23T19:00:00","date_gmt":"2015-05-23T19:00:00","guid":{"rendered":"https:\/\/saloanoticias.mrmediaweb.com\/v1\/2015\/05\/23\/padre-jorge-anuncia-novas-obras-em-iati\/"},"modified":"2015-05-23T19:00:00","modified_gmt":"2015-05-23T19:00:00","slug":"padre-jorge-anuncia-novas-obras-em-iati","status":"publish","type":"post","link":"https:\/\/www.saloanoticias.com\/v1\/padre-jorge-anuncia-novas-obras-em-iati\/","title":{"rendered":"PADRE JORGE ANUNCIOU NOVAS OBRAS EM IAT\u00cd\/PE"},"content":{"rendered":"<p align=\"justify\"><font size=\"3\" face=\"Arial\"><a href=\"http:\/\/www.saloanoticias.com\/images\/salo-notcias_7ac6354746317759f1a17009c358694c.jpg\"><img loading=\"lazy\" decoding=\"async\" title=\"Salo&aacute; Not&iacute;cias\" style=\"border-left-width: 0px; border-right-width: 0px; background-image: none; border-bottom-width: 0px; float: left; padding-top: 0px; padding-left: 0px; margin: 5px 5px 0px 0px; display: inline; padding-right: 0px; border-top-width: 0px\" border=\"0\" alt=\"Salo&aacute; Not&iacute;cias\" src=\"http:\/\/www.saloanoticias.com\/v1\/wp-content\/uploads\/imagens\/salo-notcias_thumb_e5baac8aa5c71b13e85097e31f930d55.jpg\" width=\"281\" align=\"left\" height=\"211\"><\/a>A Prefeitura de Iati dar\u00e1 inicio nos pr\u00f3ximos dias a tr\u00eas importantes obras para a popula\u00e7\u00e3o do Munic\u00edpio. Trata-se da constru\u00e7\u00e3o do Portal de Acesso; a reforma da pra\u00e7a defronte ao Educand\u00e1rio Torquato Soares e a constru\u00e7\u00e3o de uma pra\u00e7a na Rua da Palha, no povoado de Santa Rosa. <\/font><font size=\"3\" face=\"Arial\">Com recursos oriundos do FEM 2, os servi\u00e7os est\u00e3o or\u00e7ados em cerca de R$ 440 mil reais e est\u00e3o em fase de licita\u00e7\u00e3o. \u201cA nossa expectativa \u00e9 come\u00e7ar&#8230;mos o trabalho j\u00e1 no pr\u00f3ximo m\u00eas, quando contaremos com um Portal, dando boas vindas aos nossos visitantes e enchendo de orgulho a nossa popula\u00e7\u00e3o pela beleza da obra\u201d, registra o Prefeito Padre Jorge, que complementa: \u201ca pra\u00e7a defronte ao Educand\u00e1rio, a nossa principal Escola, tamb\u00e9m vai ficar bel\u00edssima, com ilumina\u00e7\u00e3o, arboriza\u00e7\u00e3o e espa\u00e7os de conviv\u00eancia.<\/font>  <\/p>\n<p align=\"justify\"><font size=\"3\" face=\"Arial\">Tenho certeza que a comunidade estudantil de Iati ficar\u00e1 muito satisfeita, assim como os moradores do povoado Santa Rosa, pois contar\u00e3o com espa\u00e7os de lazer bastante agrad\u00e1veis\u201d, complementa o Prefeito. <\/font><font size=\"3\" face=\"Arial\">\u00c9 importante registrar que al\u00e9m dessas obras de infraestrutura, o Governo de Iati tamb\u00e9m vem trabalhando na reforma de 17 escolas na zona rural do Munic\u00edpio. \u201cNo ano passado realizamos servi\u00e7os de melhoria nos Educand\u00e1rios localizados na sede do Munic\u00edpio e no povoado Bela Vista.<\/font>  <\/p>\n<p align=\"justify\"><font size=\"3\" face=\"Arial\">Agora, estamos melhorando as escolas da zona rural, sem esquecer que entregamos no inicio deste ano, as novas instala\u00e7\u00f5es do Centro Educacional do Quati\u201d, finaliza o Padre Jorge.<\/font><\/p>\n<div style=\"margin-top: 0px; margin-bottom: 0px;\" class=\"sharethis-inline-share-buttons\" ><\/div>","protected":false},"excerpt":{"rendered":"<p>A Prefeitura de Iati dar\u00e1 inicio nos pr\u00f3ximos dias a tr\u00eas importantes obras para a popula\u00e7\u00e3o do Munic\u00edpio. Trata-se da constru\u00e7\u00e3o do Portal de Acesso; a reforma da pra\u00e7a defronte ao Educand\u00e1rio Torquato Soares e a constru\u00e7\u00e3o de uma pra\u00e7a na Rua da Palha, no povoado de Santa Rosa. Com recursos oriundos do FEM 2, [&hellip;]<\/p>\n","protected":false},"author":1,"featured_media":0,"comment_status":"open","ping_status":"open","sticky":false,"template":"","format":"standard","meta":{"footnotes":""},"categories":[2],"tags":[],"class_list":["post-1833","post","type-post","status-publish","format-standard","hentry","category-noticias-do-dia"],"_links":{"self":[{"href":"https:\/\/www.saloanoticias.com\/v1\/wp-json\/wp\/v2\/posts\/1833","targetHints":{"allow":["GET"]}}],"collection":[{"href":"https:\/\/www.saloanoticias.com\/v1\/wp-json\/wp\/v2\/posts"}],"about":[{"href":"https:\/\/www.saloanoticias.com\/v1\/wp-json\/wp\/v2\/types\/post"}],"author":[{"embeddable":true,"href":"https:\/\/www.saloanoticias.com\/v1\/wp-json\/wp\/v2\/users\/1"}],"replies":[{"embeddable":true,"href":"https:\/\/www.saloanoticias.com\/v1\/wp-json\/wp\/v2\/comments?post=1833"}],"version-history":[{"count":0,"href":"https:\/\/www.saloanoticias.com\/v1\/wp-json\/wp\/v2\/posts\/1833\/revisions"}],"wp:attachment":[{"href":"https:\/\/www.saloanoticias.com\/v1\/wp-json\/wp\/v2\/media?parent=1833"}],"wp:term":[{"taxonomy":"category","embeddable":true,"href":"https:\/\/www.saloanoticias.com\/v1\/wp-json\/wp\/v2\/categories?post=1833"},{"taxonomy":"post_tag","embeddable":true,"href":"https:\/\/www.saloanoticias.com\/v1\/wp-json\/wp\/v2\/tags?post=1833"}],"curies":[{"name":"wp","href":"https:\/\/api.w.org\/{rel}","templated":true}]}}