{"id":1832,"date":"2015-05-22T17:35:29","date_gmt":"2015-05-22T17:35:29","guid":{"rendered":"https:\/\/saloanoticias.mrmediaweb.com\/v1\/2015\/05\/22\/lula-debocha-de-evangelicos-durante-palestra\/"},"modified":"2015-05-22T17:35:29","modified_gmt":"2015-05-22T17:35:29","slug":"lula-debocha-de-evangelicos-durante-palestra","status":"publish","type":"post","link":"https:\/\/www.saloanoticias.com\/v1\/lula-debocha-de-evangelicos-durante-palestra\/","title":{"rendered":"LULA DEBOCHA DE EVANG\u00c9LICOS DURANTE PALESTRA EM S\u00c3O PAULO"},"content":{"rendered":"<p align=\"justify\"><font size=\"3\" face=\"Arial\"><a href=\"http:\/\/www.saloanoticias.com\/images\/lula.png\"><img loading=\"lazy\" decoding=\"async\" title=\"Lula\" style=\"border-top: 0px; border-right: 0px; background-image: none; border-bottom: 0px; float: left; padding-top: 0px; padding-left: 0px; margin: 5px 5px 0px 0px; border-left: 0px; display: inline; padding-right: 0px\" border=\"0\" alt=\"Lula\" src=\"http:\/\/www.saloanoticias.com\/v1\/wp-content\/uploads\/imagens\/lula_thumb.png\" width=\"272\" align=\"left\" height=\"181\"><\/a>O ex-presidente Luiz In\u00e1cio Lula da Silva perdeu completamente a no\u00e7\u00e3o de limite. Durante uma palestra a sindicalistas na noite desta quarta-feira (20), em um hotel no centro de S\u00e3o Paulo, ele ironizou em tom de deboche os pastores evang\u00e9licos por culparem o diabo quando algo est\u00e1 errado. <\/font><font size=\"3\" face=\"Arial\">Ao tentar justificar os erros do governo petista o ex-presidente explicou aos sindicalistas que nas ocasi\u00f5es em que n\u00e3o \u00e9 poss\u00edvel atender \u00e0s reivindica\u00e7\u00f5es da categoria a melhor sa\u00edda \u00e9 colocar a culpa no governo, passando a ofender os evang\u00e9licos.<\/font> <\/p>\n<p align=\"justify\"><font size=\"3\" face=\"Arial\">\u201cOs pastores evang\u00e9licos jogam a culpa em cima do diabo. Acho fant\u00e1stico isso. Voc\u00ea est\u00e1 desempregado \u00e9 o diabo, est\u00e1 doente \u00e9 o diabo, tomou um tombo \u00e9 o diabo, roubaram o seu carro \u00e9 o diabo\u201d, disparou Lula. <\/font><font size=\"3\" face=\"Arial\">Como a plateia foi receptiva ao tom de intoler\u00e2ncia promovido pelo ex-presidente, Lula passou a debochar dos d\u00edzimos entregue as igrejas. \u201cE a solu\u00e7\u00e3o tamb\u00e9m est\u00e1 ali. \u00c9 Deus. Pague o seu d\u00edzimo que Jesus te salvar\u00e1\u201d, disse em tom eloquente, imitando uma prega\u00e7\u00e3o religiosa.<\/font> <\/p>\n<p align=\"justify\"><font size=\"3\" face=\"Arial\">Lula aconselhou os dirigentes sindicalistas a assimilar os m\u00e9todos dos pastores, sugerindo que a culpa pela crise \u00e9 do diabo. O ex-presidente usou os evang\u00e9licos para tentar aliviar o clima de tens\u00e3o do ambiente, pois os sindicalistas est\u00e3o pessimistas com os rumos do governo Dilma. <\/font><font size=\"3\" face=\"Arial\">Os que participaram do Semin\u00e1rio Nacional de Estrat\u00e9gia promovido pela Confedera\u00e7\u00e3o Nacional dos Trabalhadores do Ramo Financeiro (Contraf) ficaram empolgados com as piadas de Lula sobre os evang\u00e9licos.<\/font> <\/p>\n<p align=\"justify\"><font face=\"Arial\"><font size=\"3\">A ironia de Lula se d\u00e1 justamente em um momento em que l\u00edderes evang\u00e9licos conquistam espa\u00e7o na C\u00e2mara dos Deputados presidida pelo evang\u00e9lico Eduardo Cunha (PMDB-RJ). Cunha tem pautado grandes derrotas para o governo Dilma com o apoio da bancada religiosa no Congresso. <em>Com informa\u00e7\u00f5es <a href=\"http:\/\/politica.estadao.com.br\/noticias\/geral,lula-ironiza-pastores-evangelicos-em-palestra,1691477\">Estad\u00e3o<\/a><\/em><\/font><\/font><\/p>\n<div style=\"margin-top: 0px; margin-bottom: 0px;\" class=\"sharethis-inline-share-buttons\" ><\/div>","protected":false},"excerpt":{"rendered":"<p>O ex-presidente Luiz In\u00e1cio Lula da Silva perdeu completamente a no\u00e7\u00e3o de limite. Durante uma palestra a sindicalistas na noite desta quarta-feira (20), em um hotel no centro de S\u00e3o Paulo, ele ironizou em tom de deboche os pastores evang\u00e9licos por culparem o diabo quando algo est\u00e1 errado. Ao tentar justificar os erros do governo [&hellip;]<\/p>\n","protected":false},"author":1,"featured_media":0,"comment_status":"open","ping_status":"open","sticky":false,"template":"","format":"standard","meta":{"footnotes":""},"categories":[2],"tags":[],"class_list":["post-1832","post","type-post","status-publish","format-standard","hentry","category-noticias-do-dia"],"_links":{"self":[{"href":"https:\/\/www.saloanoticias.com\/v1\/wp-json\/wp\/v2\/posts\/1832","targetHints":{"allow":["GET"]}}],"collection":[{"href":"https:\/\/www.saloanoticias.com\/v1\/wp-json\/wp\/v2\/posts"}],"about":[{"href":"https:\/\/www.saloanoticias.com\/v1\/wp-json\/wp\/v2\/types\/post"}],"author":[{"embeddable":true,"href":"https:\/\/www.saloanoticias.com\/v1\/wp-json\/wp\/v2\/users\/1"}],"replies":[{"embeddable":true,"href":"https:\/\/www.saloanoticias.com\/v1\/wp-json\/wp\/v2\/comments?post=1832"}],"version-history":[{"count":0,"href":"https:\/\/www.saloanoticias.com\/v1\/wp-json\/wp\/v2\/posts\/1832\/revisions"}],"wp:attachment":[{"href":"https:\/\/www.saloanoticias.com\/v1\/wp-json\/wp\/v2\/media?parent=1832"}],"wp:term":[{"taxonomy":"category","embeddable":true,"href":"https:\/\/www.saloanoticias.com\/v1\/wp-json\/wp\/v2\/categories?post=1832"},{"taxonomy":"post_tag","embeddable":true,"href":"https:\/\/www.saloanoticias.com\/v1\/wp-json\/wp\/v2\/tags?post=1832"}],"curies":[{"name":"wp","href":"https:\/\/api.w.org\/{rel}","templated":true}]}}