{"id":1831,"date":"2015-05-22T12:29:51","date_gmt":"2015-05-22T12:29:51","guid":{"rendered":"https:\/\/saloanoticias.mrmediaweb.com\/v1\/2015\/05\/22\/nota-de-falecimento-gean-brandao-e-tonho-de-ciada\/"},"modified":"2015-05-22T12:29:51","modified_gmt":"2015-05-22T12:29:51","slug":"nota-de-falecimento-gean-brandao-e-tonho-de-ciada","status":"publish","type":"post","link":"https:\/\/www.saloanoticias.com\/v1\/nota-de-falecimento-gean-brandao-e-tonho-de-ciada\/","title":{"rendered":"NOTA DE FALECIMENTO &#8211;  GEAN BRAND\u00c3O E TONHO DE CIADA"},"content":{"rendered":"<p align=\"justify\"><font size=\"3\" face=\"Arial\"><a href=\"http:\/\/www.saloanoticias.com\/images\/salo-notcias_957f166038761a8029e37dc9291d0df3.jpg\"><img loading=\"lazy\" decoding=\"async\" title=\"Salo&aacute; Not&iacute;cias\" style=\"border-top: 0px; border-right: 0px; background-image: none; border-bottom: 0px; float: left; padding-top: 0px; padding-left: 0px; margin: 5px 5px 0px 0px; border-left: 0px; display: inline; padding-right: 0px\" border=\"0\" alt=\"Salo&aacute; Not&iacute;cias\" src=\"http:\/\/www.saloanoticias.com\/v1\/wp-content\/uploads\/imagens\/salo-notcias_thumb_140e6cf8ea40f86bd6efc9029df4deb4.jpg\" width=\"274\" align=\"left\" height=\"179\"><\/a>\u00c9 com muito pesar que comunicamos o falecimento de Gean Oliveira Brand\u00e3o e Ant\u00f4nio de Melo, mais conhecidos na cidade como Gean da Padaria e Tonho de Ciada. O corpo de Gean est\u00e1 sendo velado em sua resid\u00eancia que fica localizada na Avenida Get\u00falio Vargas, defronte a escola municipal S\u00e3o Vicente no centro de Salo\u00e1, de onde sair\u00e1 o cortejo f\u00fanebre \u00e0s 15:00 horas, ou seja, 3 da tarde, para o cemit\u00e9rio Santa Quit\u00e9ria neste munic\u00edpio.<\/font><\/p>\n<p align=\"justify\"><font size=\"3\" face=\"Arial\">J\u00e1 o vel\u00f3rio de Tonho de Ciada est\u00e1 sendo na Rua Jos\u00e9 de N\u00e9, centro, \u00e0s margens da PE 216. <\/font><font size=\"3\" face=\"Arial\">O sepultamento de Tonho se dar\u00e1 \u00e0s 16:00 horas (4 da tarde) no cemit\u00e9rio da cidade de Paranatama. Lembramos que haver\u00e1 \u00f4nibus para os que desejarem ir dar o \u00faltimo adeus a Tonho na cidade vizinha. Desde j\u00e1, as fam\u00edlias enlutadas agradecem a todos que comparecerem a este ato de f\u00e9 e irmandade crist\u00e3.<\/font><\/p>\n<div style=\"margin-top: 0px; margin-bottom: 0px;\" class=\"sharethis-inline-share-buttons\" ><\/div>","protected":false},"excerpt":{"rendered":"<p>\u00c9 com muito pesar que comunicamos o falecimento de Gean Oliveira Brand\u00e3o e Ant\u00f4nio de Melo, mais conhecidos na cidade como Gean da Padaria e Tonho de Ciada. O corpo de Gean est\u00e1 sendo velado em sua resid\u00eancia que fica localizada na Avenida Get\u00falio Vargas, defronte a escola municipal S\u00e3o Vicente no centro de Salo\u00e1, [&hellip;]<\/p>\n","protected":false},"author":1,"featured_media":0,"comment_status":"open","ping_status":"open","sticky":false,"template":"","format":"standard","meta":{"footnotes":""},"categories":[2],"tags":[],"class_list":["post-1831","post","type-post","status-publish","format-standard","hentry","category-noticias-do-dia"],"_links":{"self":[{"href":"https:\/\/www.saloanoticias.com\/v1\/wp-json\/wp\/v2\/posts\/1831","targetHints":{"allow":["GET"]}}],"collection":[{"href":"https:\/\/www.saloanoticias.com\/v1\/wp-json\/wp\/v2\/posts"}],"about":[{"href":"https:\/\/www.saloanoticias.com\/v1\/wp-json\/wp\/v2\/types\/post"}],"author":[{"embeddable":true,"href":"https:\/\/www.saloanoticias.com\/v1\/wp-json\/wp\/v2\/users\/1"}],"replies":[{"embeddable":true,"href":"https:\/\/www.saloanoticias.com\/v1\/wp-json\/wp\/v2\/comments?post=1831"}],"version-history":[{"count":0,"href":"https:\/\/www.saloanoticias.com\/v1\/wp-json\/wp\/v2\/posts\/1831\/revisions"}],"wp:attachment":[{"href":"https:\/\/www.saloanoticias.com\/v1\/wp-json\/wp\/v2\/media?parent=1831"}],"wp:term":[{"taxonomy":"category","embeddable":true,"href":"https:\/\/www.saloanoticias.com\/v1\/wp-json\/wp\/v2\/categories?post=1831"},{"taxonomy":"post_tag","embeddable":true,"href":"https:\/\/www.saloanoticias.com\/v1\/wp-json\/wp\/v2\/tags?post=1831"}],"curies":[{"name":"wp","href":"https:\/\/api.w.org\/{rel}","templated":true}]}}