{"id":1830,"date":"2015-05-22T11:00:00","date_gmt":"2015-05-22T11:00:00","guid":{"rendered":"https:\/\/saloanoticias.mrmediaweb.com\/v1\/2015\/05\/22\/quem-e-o-novo-bispo-de-garanhuns\/"},"modified":"2015-05-22T11:00:00","modified_gmt":"2015-05-22T11:00:00","slug":"quem-e-o-novo-bispo-de-garanhuns","status":"publish","type":"post","link":"https:\/\/www.saloanoticias.com\/v1\/quem-e-o-novo-bispo-de-garanhuns\/","title":{"rendered":"QUEM \u00c9 O NOVO BISPO DE GARANHUNS ?"},"content":{"rendered":"<p align=\"justify\"><font size=\"3\" face=\"Arial\"><a href=\"http:\/\/www.saloanoticias.com\/images\/salo-notcias-10_d06cbb61d82c799f890ba0630497f544.jpg\"><img loading=\"lazy\" decoding=\"async\" title=\"Salo&aacute; Not&iacute;cias 10\" style=\"border-top: 0px; border-right: 0px; background-image: none; border-bottom: 0px; float: left; padding-top: 0px; padding-left: 0px; margin: 5px 5px 0px 0px; border-left: 0px; display: inline; padding-right: 0px\" border=\"0\" alt=\"Salo&aacute; Not&iacute;cias 10\" src=\"http:\/\/www.saloanoticias.com\/v1\/wp-content\/uploads\/imagens\/salo-notcias-10_thumb_29378121bac92b9f43387c4c3cbffea7.jpg\" width=\"191\" align=\"left\" height=\"212\"><\/a>Acabou a espera e Garanhuns j\u00e1 sabe o nome do seu novo bispo, que dentro em breve estar\u00e1 na cidade para comandar os destinos dos cat\u00f3licos da regi\u00e3o. <\/font><font size=\"3\" face=\"Arial\">Natural de S\u00e3o Jos\u00e9 de S\u00e3o Jos\u00e9 de Espinharas, na Para\u00edba,&nbsp; o padre Paulo Jackson de Sousa, 46 anos (nasceu em 1969),&nbsp; foi confirmado hoje como o sucessor de Dom Fernando Guimar\u00e3es. Atualmente o padre, mais conhecido como Paulo N\u00f3brega, trabalha na Par\u00f3quia de Bom Jesus do Horto, em Belo Horizonte.<\/font><\/p>\n<p align=\"justify\"><font size=\"3\" face=\"Arial\">Os padres de Garanhuns e regi\u00e3o, como Roberto J\u00fanior, da Catedral de Santo Ant\u00f4nio, est\u00e3o felizes e desde cedo comemoram a boa nova. Os cat\u00f3licos da regi\u00e3o est\u00e3o em festa e devem organizar caravanas para a Para\u00edba, quando do dia da ordena\u00e7\u00e3o do novo bispo. At\u00e9 a chegada do l\u00edder religioso a Diocese continuar\u00e1 sendo administrada pelo Monsenhor Benevenuto S\u00e1tiro. FONTE: BLOG DO ROBERTO ALMEIDA<\/font><\/p>\n<div style=\"margin-top: 0px; margin-bottom: 0px;\" class=\"sharethis-inline-share-buttons\" ><\/div>","protected":false},"excerpt":{"rendered":"<p>Acabou a espera e Garanhuns j\u00e1 sabe o nome do seu novo bispo, que dentro em breve estar\u00e1 na cidade para comandar os destinos dos cat\u00f3licos da regi\u00e3o. Natural de S\u00e3o Jos\u00e9 de S\u00e3o Jos\u00e9 de Espinharas, na Para\u00edba,&nbsp; o padre Paulo Jackson de Sousa, 46 anos (nasceu em 1969),&nbsp; foi confirmado hoje como o [&hellip;]<\/p>\n","protected":false},"author":1,"featured_media":0,"comment_status":"open","ping_status":"open","sticky":false,"template":"","format":"standard","meta":{"footnotes":""},"categories":[2],"tags":[],"class_list":["post-1830","post","type-post","status-publish","format-standard","hentry","category-noticias-do-dia"],"_links":{"self":[{"href":"https:\/\/www.saloanoticias.com\/v1\/wp-json\/wp\/v2\/posts\/1830","targetHints":{"allow":["GET"]}}],"collection":[{"href":"https:\/\/www.saloanoticias.com\/v1\/wp-json\/wp\/v2\/posts"}],"about":[{"href":"https:\/\/www.saloanoticias.com\/v1\/wp-json\/wp\/v2\/types\/post"}],"author":[{"embeddable":true,"href":"https:\/\/www.saloanoticias.com\/v1\/wp-json\/wp\/v2\/users\/1"}],"replies":[{"embeddable":true,"href":"https:\/\/www.saloanoticias.com\/v1\/wp-json\/wp\/v2\/comments?post=1830"}],"version-history":[{"count":0,"href":"https:\/\/www.saloanoticias.com\/v1\/wp-json\/wp\/v2\/posts\/1830\/revisions"}],"wp:attachment":[{"href":"https:\/\/www.saloanoticias.com\/v1\/wp-json\/wp\/v2\/media?parent=1830"}],"wp:term":[{"taxonomy":"category","embeddable":true,"href":"https:\/\/www.saloanoticias.com\/v1\/wp-json\/wp\/v2\/categories?post=1830"},{"taxonomy":"post_tag","embeddable":true,"href":"https:\/\/www.saloanoticias.com\/v1\/wp-json\/wp\/v2\/tags?post=1830"}],"curies":[{"name":"wp","href":"https:\/\/api.w.org\/{rel}","templated":true}]}}