{"id":1829,"date":"2015-05-21T22:15:30","date_gmt":"2015-05-21T22:15:30","guid":{"rendered":"https:\/\/saloanoticias.mrmediaweb.com\/v1\/2015\/05\/21\/justica-suspende-greve-dos-professores-de-garanhuns\/"},"modified":"2015-05-21T22:15:30","modified_gmt":"2015-05-21T22:15:30","slug":"justica-suspende-greve-dos-professores-de-garanhuns","status":"publish","type":"post","link":"https:\/\/www.saloanoticias.com\/v1\/justica-suspende-greve-dos-professores-de-garanhuns\/","title":{"rendered":"JUSTI\u00c7A SUSPENDE MOVIMENTO GREVISTA DOS PROFESSORES DE GARANHUNS"},"content":{"rendered":"<p align=\"justify\"><font size=\"3\" face=\"Arial\"><a href=\"http:\/\/www.saloanoticias.com\/images\/salo-notcias-10_159a320c4955e914ac08b43a76b323a2.jpg\"><img loading=\"lazy\" decoding=\"async\" title=\"Salo&aacute; Not&iacute;cias 10\" style=\"border-top: 0px; border-right: 0px; background-image: none; border-bottom: 0px; float: left; padding-top: 0px; padding-left: 0px; margin: 5px 5px 10px 0px; border-left: 0px; display: inline; padding-right: 0px\" border=\"0\" alt=\"Salo&aacute; Not&iacute;cias 10\" src=\"http:\/\/www.saloanoticias.com\/v1\/wp-content\/uploads\/imagens\/salo-notcias-10_thumb_66e2d0a21504d8651fc8412f95d62a74.jpg\" width=\"264\" align=\"left\" height=\"175\"><\/a>\u201cO Governo Municipal de Garanhuns, por meio da Procuradoria Geral do Munic\u00edpio, informa que foi deferido pela Corte Especial do Tribunal de Justi\u00e7a de Pernambuco, o pedido de liminar determinando que o Sindicato dos Funcion\u00e1rios e Servidores P\u00fablicos Municipais de Garanhuns e Regi\u00e3o \u2013 SINSEMUG, suspenda o movimento grevista, a fim de que os professores da Rede de Educa\u00e7\u00e3o do Munic\u00edpio de Garanhuns retornem, imediatamente, a exercer suas atividades regulares, dando-se prosseguimento \u00e0s negocia\u00e7\u00f5es com a categoria, at\u00e9 ulterior delibera\u00e7\u00e3o.<\/font> <\/p>\n<p align=\"justify\"><font size=\"3\" face=\"Arial\">No caso de descumprimento, fica fixada a multa di\u00e1ria no valor de R$ 50.000,00 (cinquenta mil reais) ao Sindicato, at\u00e9 o limite m\u00e1ximo de R$ 1.000.000,00 (um milh\u00e3o de reais).\u201d <\/font><font size=\"3\" face=\"Arial\">Para saber mais, clique <b><a href=\"http:\/\/www.tjpe.jus.br\/processos\/consulta2grau\/ole_busca_processos_numero_texto2.asp?num=498729&amp;data=2015\/05\/21%2010:36\">AQUI<\/a><\/b> <b>e digite o N\u00famero do Processo&nbsp; 386873-7<\/b>, impetrado pela Prefeitura de Garanhuns e que teve como r\u00e9u o Sindicato dos Funcion\u00e1rios e Servidores P\u00fablicos Municipais de Garanhuns e Regi\u00e3o (SINSEMUG).<\/font><\/p>\n<div style=\"margin-top: 0px; margin-bottom: 0px;\" class=\"sharethis-inline-share-buttons\" ><\/div>","protected":false},"excerpt":{"rendered":"<p>\u201cO Governo Municipal de Garanhuns, por meio da Procuradoria Geral do Munic\u00edpio, informa que foi deferido pela Corte Especial do Tribunal de Justi\u00e7a de Pernambuco, o pedido de liminar determinando que o Sindicato dos Funcion\u00e1rios e Servidores P\u00fablicos Municipais de Garanhuns e Regi\u00e3o \u2013 SINSEMUG, suspenda o movimento grevista, a fim de que os professores [&hellip;]<\/p>\n","protected":false},"author":1,"featured_media":0,"comment_status":"open","ping_status":"open","sticky":false,"template":"","format":"standard","meta":{"footnotes":""},"categories":[2],"tags":[],"class_list":["post-1829","post","type-post","status-publish","format-standard","hentry","category-noticias-do-dia"],"_links":{"self":[{"href":"https:\/\/www.saloanoticias.com\/v1\/wp-json\/wp\/v2\/posts\/1829","targetHints":{"allow":["GET"]}}],"collection":[{"href":"https:\/\/www.saloanoticias.com\/v1\/wp-json\/wp\/v2\/posts"}],"about":[{"href":"https:\/\/www.saloanoticias.com\/v1\/wp-json\/wp\/v2\/types\/post"}],"author":[{"embeddable":true,"href":"https:\/\/www.saloanoticias.com\/v1\/wp-json\/wp\/v2\/users\/1"}],"replies":[{"embeddable":true,"href":"https:\/\/www.saloanoticias.com\/v1\/wp-json\/wp\/v2\/comments?post=1829"}],"version-history":[{"count":0,"href":"https:\/\/www.saloanoticias.com\/v1\/wp-json\/wp\/v2\/posts\/1829\/revisions"}],"wp:attachment":[{"href":"https:\/\/www.saloanoticias.com\/v1\/wp-json\/wp\/v2\/media?parent=1829"}],"wp:term":[{"taxonomy":"category","embeddable":true,"href":"https:\/\/www.saloanoticias.com\/v1\/wp-json\/wp\/v2\/categories?post=1829"},{"taxonomy":"post_tag","embeddable":true,"href":"https:\/\/www.saloanoticias.com\/v1\/wp-json\/wp\/v2\/tags?post=1829"}],"curies":[{"name":"wp","href":"https:\/\/api.w.org\/{rel}","templated":true}]}}