{"id":1828,"date":"2015-05-21T12:35:06","date_gmt":"2015-05-21T12:35:06","guid":{"rendered":"https:\/\/saloanoticias.mrmediaweb.com\/v1\/2015\/05\/21\/gean-da-padaria-e-antonio-de-ciada-acabam-de-ser-assassinados-no-agreste-de-paranatama\/"},"modified":"2015-05-21T12:35:06","modified_gmt":"2015-05-21T12:35:06","slug":"gean-da-padaria-e-antonio-de-ciada-acabam-de-ser-assassinados-no-agreste-de-paranatama","status":"publish","type":"post","link":"https:\/\/www.saloanoticias.com\/v1\/gean-da-padaria-e-antonio-de-ciada-acabam-de-ser-assassinados-no-agreste-de-paranatama\/","title":{"rendered":"GEAN DA PADARIA E ANT\u00d4NIO DE CIADA FORAM ASSASSINADOS EM PARANATAMA"},"content":{"rendered":"<p align=\"justify\"><font size=\"3\" face=\"Arial\"><a href=\"http:\/\/www.saloanoticias.com\/images\/11031063_843409752391260_1401402449580197968_n_636a44e9a8fd5341f8962b451db1a3f3.jpg\"><img loading=\"lazy\" decoding=\"async\" title=\"11031063_843409752391260_1401402449580197968_n\" style=\"border-top: 0px; border-right: 0px; background-image: none; border-bottom: 0px; float: left; padding-top: 0px; padding-left: 0px; margin: 5px 5px 0px 0px; border-left: 0px; display: inline; padding-right: 0px\" border=\"0\" alt=\"11031063_843409752391260_1401402449580197968_n\" src=\"http:\/\/www.saloanoticias.com\/v1\/wp-content\/uploads\/imagens\/11031063_843409752391260_1401402449580197968_n_thumb_d751bb00981d4841fb97272a464fec74.jpg\" width=\"240\" align=\"left\" height=\"198\"><\/a>Chega a reda\u00e7\u00e3o deste blog a lament\u00e1vel not\u00edcia sobre o assassinato de Gean da Padaria, empres\u00e1rio saloaense e tamb\u00e9m do guarda municipal de Salo\u00e1 Ant\u00f4nio de Ciada. Pelas primeiras informa\u00e7\u00f5es os corpos ainda est\u00e3o no local do crime. Os dois foram mortos no s\u00edtio Umbuzeiro, zona rural de Paranatama\/PE. As pol\u00edcias Militar e Civil j\u00e1 foram acionadas e j\u00e1 est\u00e3o se deslocando para o local. <\/font><font size=\"3\" face=\"Arial\">Gean \u00e9 sobrinho da vereadora Izenilda Brand\u00e3o e Ant\u00f4nio de Ciada \u00e9 natural do s\u00edtio Catimbau, ambos bastante conhecidos em toda a regi\u00e3o.<\/font><\/p>\n<div style=\"margin-top: 0px; margin-bottom: 0px;\" class=\"sharethis-inline-share-buttons\" ><\/div>","protected":false},"excerpt":{"rendered":"<p>Chega a reda\u00e7\u00e3o deste blog a lament\u00e1vel not\u00edcia sobre o assassinato de Gean da Padaria, empres\u00e1rio saloaense e tamb\u00e9m do guarda municipal de Salo\u00e1 Ant\u00f4nio de Ciada. Pelas primeiras informa\u00e7\u00f5es os corpos ainda est\u00e3o no local do crime. Os dois foram mortos no s\u00edtio Umbuzeiro, zona rural de Paranatama\/PE. As pol\u00edcias Militar e Civil j\u00e1 [&hellip;]<\/p>\n","protected":false},"author":1,"featured_media":0,"comment_status":"open","ping_status":"open","sticky":false,"template":"","format":"standard","meta":{"footnotes":""},"categories":[2],"tags":[],"class_list":["post-1828","post","type-post","status-publish","format-standard","hentry","category-noticias-do-dia"],"_links":{"self":[{"href":"https:\/\/www.saloanoticias.com\/v1\/wp-json\/wp\/v2\/posts\/1828","targetHints":{"allow":["GET"]}}],"collection":[{"href":"https:\/\/www.saloanoticias.com\/v1\/wp-json\/wp\/v2\/posts"}],"about":[{"href":"https:\/\/www.saloanoticias.com\/v1\/wp-json\/wp\/v2\/types\/post"}],"author":[{"embeddable":true,"href":"https:\/\/www.saloanoticias.com\/v1\/wp-json\/wp\/v2\/users\/1"}],"replies":[{"embeddable":true,"href":"https:\/\/www.saloanoticias.com\/v1\/wp-json\/wp\/v2\/comments?post=1828"}],"version-history":[{"count":0,"href":"https:\/\/www.saloanoticias.com\/v1\/wp-json\/wp\/v2\/posts\/1828\/revisions"}],"wp:attachment":[{"href":"https:\/\/www.saloanoticias.com\/v1\/wp-json\/wp\/v2\/media?parent=1828"}],"wp:term":[{"taxonomy":"category","embeddable":true,"href":"https:\/\/www.saloanoticias.com\/v1\/wp-json\/wp\/v2\/categories?post=1828"},{"taxonomy":"post_tag","embeddable":true,"href":"https:\/\/www.saloanoticias.com\/v1\/wp-json\/wp\/v2\/tags?post=1828"}],"curies":[{"name":"wp","href":"https:\/\/api.w.org\/{rel}","templated":true}]}}