{"id":1827,"date":"2015-05-21T11:55:29","date_gmt":"2015-05-21T11:55:29","guid":{"rendered":"https:\/\/saloanoticias.mrmediaweb.com\/v1\/2015\/05\/21\/caps-de-saloa-realiza-passeata\/"},"modified":"2015-05-21T11:55:29","modified_gmt":"2015-05-21T11:55:29","slug":"caps-de-saloa-realiza-passeata","status":"publish","type":"post","link":"https:\/\/www.saloanoticias.com\/v1\/caps-de-saloa-realiza-passeata\/","title":{"rendered":"CAPS DE SALO\u00c1 REALIZOU PASSEATA PELO CENTRO DA CIDADE NESTA QUARTA (20)"},"content":{"rendered":"<p align=\"justify\"><font size=\"3\" face=\"Arial\"><a href=\"http:\/\/www.saloanoticias.com\/images\/salo-notcias-10_754300fa6160fb2dc693db6398845344.jpg\"><img loading=\"lazy\" decoding=\"async\" title=\"Salo&aacute; Not&iacute;cias 10\" style=\"border-top: 0px; border-right: 0px; background-image: none; border-bottom: 0px; float: none; padding-top: 0px; padding-left: 0px; margin: 0px auto 10px; border-left: 0px; display: block; padding-right: 0px\" border=\"0\" alt=\"Salo&aacute; Not&iacute;cias 10\" src=\"http:\/\/www.saloanoticias.com\/v1\/wp-content\/uploads\/imagens\/salo-notcias-10_thumb_5ec7c816dee0b21d74fa6742b5b53ecb.jpg\" width=\"509\" height=\"382\"><\/a>O CAPS, Centro de Assist\u00eancia Psicossocial em Salo\u00e1, realizou uma passeata pelas principais ruas do centro da cidade na manh\u00e3 desta quarta-feira (20). O movimento contou com a participa\u00e7\u00e3o dos usu\u00e1rios do referido centro assistencial. Durante o passeio foram distribu\u00eddos panfletos falando sobre as pessoas especiais que usufruem destes servi\u00e7os. O evento serviu tamb\u00e9m para comemorar o dia 18 de maio, Dia da Luta Antimanicomial. Estiveram no movimento v\u00e1rios profissionais que fazem parte do NASF em Salo\u00e1 al\u00e9m de agentes comunit\u00e1rios de sa\u00fade.<\/font><\/p>\n<p align=\"justify\"><font size=\"3\" face=\"Arial\"><a href=\"http:\/\/www.saloanoticias.com\/images\/salo-notcias_3ccd66682db85a6e90c6a3e26a405769.jpg\"><img loading=\"lazy\" decoding=\"async\" title=\"Salo&aacute; Not&iacute;cias\" style=\"border-top: 0px; border-right: 0px; background-image: none; border-bottom: 0px; float: none; padding-top: 0px; padding-left: 0px; margin: 10px auto; border-left: 0px; display: block; padding-right: 0px\" border=\"0\" alt=\"Salo&aacute; Not&iacute;cias\" src=\"http:\/\/www.saloanoticias.com\/v1\/wp-content\/uploads\/imagens\/salo-notcias_thumb_9476fb4c70ebd718c6139c25ae1368b3.jpg\" width=\"508\" height=\"381\"><\/a><\/font><\/p>\n<p align=\"justify\"><a href=\"http:\/\/www.saloanoticias.com\/images\/11181699_843409689057933_6128622457074113333_n_202678707384a61ce79520f6deb562ce.jpg\"><img loading=\"lazy\" decoding=\"async\" title=\"11181699_843409689057933_6128622457074113333_n\" style=\"border-top: 0px; border-right: 0px; background-image: none; border-bottom: 0px; float: none; padding-top: 0px; padding-left: 0px; margin: 10px auto; border-left: 0px; display: block; padding-right: 0px\" border=\"0\" alt=\"11181699_843409689057933_6128622457074113333_n\" src=\"http:\/\/www.saloanoticias.com\/v1\/wp-content\/uploads\/imagens\/11181699_843409689057933_6128622457074113333_n_thumb_29abb20d11de2b7403a7487760ef95c6.jpg\" width=\"508\" height=\"382\"><\/a><\/p>\n<p align=\"justify\"><font size=\"3\" face=\"Arial\"><a href=\"http:\/\/www.saloanoticias.com\/images\/11031063_843409752391260_1401402449580197968_n_209ca6881a33e9806a3c2de904f9baf4.jpg\"><img loading=\"lazy\" decoding=\"async\" title=\"11031063_843409752391260_1401402449580197968_n\" style=\"border-top: 0px; border-right: 0px; background-image: none; border-bottom: 0px; float: none; padding-top: 0px; padding-left: 0px; margin: 10px auto; border-left: 0px; display: block; padding-right: 0px\" border=\"0\" alt=\"11031063_843409752391260_1401402449580197968_n\" src=\"http:\/\/www.saloanoticias.com\/v1\/wp-content\/uploads\/imagens\/11031063_843409752391260_1401402449580197968_n_thumb_7c6edce52e8f6ceeecdfd27740810b7e.jpg\" width=\"508\" height=\"381\"><\/a><\/font><\/p>\n<div style=\"margin-top: 0px; margin-bottom: 0px;\" class=\"sharethis-inline-share-buttons\" ><\/div>","protected":false},"excerpt":{"rendered":"<p>O CAPS, Centro de Assist\u00eancia Psicossocial em Salo\u00e1, realizou uma passeata pelas principais ruas do centro da cidade na manh\u00e3 desta quarta-feira (20). O movimento contou com a participa\u00e7\u00e3o dos usu\u00e1rios do referido centro assistencial. Durante o passeio foram distribu\u00eddos panfletos falando sobre as pessoas especiais que usufruem destes servi\u00e7os. O evento serviu tamb\u00e9m para [&hellip;]<\/p>\n","protected":false},"author":1,"featured_media":0,"comment_status":"open","ping_status":"open","sticky":false,"template":"","format":"standard","meta":{"footnotes":""},"categories":[2],"tags":[],"class_list":["post-1827","post","type-post","status-publish","format-standard","hentry","category-noticias-do-dia"],"_links":{"self":[{"href":"https:\/\/www.saloanoticias.com\/v1\/wp-json\/wp\/v2\/posts\/1827","targetHints":{"allow":["GET"]}}],"collection":[{"href":"https:\/\/www.saloanoticias.com\/v1\/wp-json\/wp\/v2\/posts"}],"about":[{"href":"https:\/\/www.saloanoticias.com\/v1\/wp-json\/wp\/v2\/types\/post"}],"author":[{"embeddable":true,"href":"https:\/\/www.saloanoticias.com\/v1\/wp-json\/wp\/v2\/users\/1"}],"replies":[{"embeddable":true,"href":"https:\/\/www.saloanoticias.com\/v1\/wp-json\/wp\/v2\/comments?post=1827"}],"version-history":[{"count":0,"href":"https:\/\/www.saloanoticias.com\/v1\/wp-json\/wp\/v2\/posts\/1827\/revisions"}],"wp:attachment":[{"href":"https:\/\/www.saloanoticias.com\/v1\/wp-json\/wp\/v2\/media?parent=1827"}],"wp:term":[{"taxonomy":"category","embeddable":true,"href":"https:\/\/www.saloanoticias.com\/v1\/wp-json\/wp\/v2\/categories?post=1827"},{"taxonomy":"post_tag","embeddable":true,"href":"https:\/\/www.saloanoticias.com\/v1\/wp-json\/wp\/v2\/tags?post=1827"}],"curies":[{"name":"wp","href":"https:\/\/api.w.org\/{rel}","templated":true}]}}