{"id":1825,"date":"2015-05-20T11:00:00","date_gmt":"2015-05-20T11:00:00","guid":{"rendered":"https:\/\/saloanoticias.mrmediaweb.com\/v1\/2015\/05\/20\/diocese-de-pesqueira-afasta-padre-apos-divulgacao-de-fotos-intimas\/"},"modified":"2015-05-20T11:00:00","modified_gmt":"2015-05-20T11:00:00","slug":"diocese-de-pesqueira-afasta-padre-apos-divulgacao-de-fotos-intimas","status":"publish","type":"post","link":"https:\/\/www.saloanoticias.com\/v1\/diocese-de-pesqueira-afasta-padre-apos-divulgacao-de-fotos-intimas\/","title":{"rendered":"DIOCESE DE PESQUEIRA\/PE AFASTA PADRE AP\u00d3S DIVULGA\u00c7\u00c3O DE FOTOS \u00cdNTIMAS"},"content":{"rendered":"<p align=\"justify\"><font size=\"3\" face=\"Arial\"><a href=\"http:\/\/www.saloanoticias.com\/images\/salo-notcias_0c6a35bfb05113b364660fec9a25dcdb.jpg\"><img loading=\"lazy\" decoding=\"async\" title=\"Salo&aacute; Not&iacute;cias\" style=\"border-top: 0px; border-right: 0px; background-image: none; border-bottom: 0px; float: none; padding-top: 0px; padding-left: 0px; margin: 0px auto 10px; border-left: 0px; display: block; padding-right: 0px\" border=\"0\" alt=\"Salo&aacute; Not&iacute;cias\" src=\"http:\/\/www.saloanoticias.com\/v1\/wp-content\/uploads\/imagens\/salo-notcias_thumb_2713ba36a74bb5372761c5e22a39c5ec.jpg\" width=\"418\" height=\"331\"><\/a>A Diocese de Pesqueira, no Agreste de Pernambuco, afastou o padre Severino \u00c9zio de Melo por causa da divulga\u00e7\u00e3o de fotografias \u201ccomprometedoras da moral em redes sociais&#8221;. Nas fotos, o sacerdote aparece segurando uma ta\u00e7a de bebida ao lado de um homem. Os dois est\u00e3o sem camisa. Em comunicado divulgado no site da institui\u00e7\u00e3o, a diocese afirma que o padre foi afastado e recebeu uma primeira advert\u00eancia can\u00f4nica. Ele n\u00e3o teria obedecido a advert\u00eancia e teve suspenso o uso de ordens.<\/font> <\/p>\n<p align=\"justify\"><font size=\"3\" face=\"Arial\">A nota afirma ainda que em consequ\u00eancia desta medida, o padre fica privado de suas fun\u00e7\u00f5es e n\u00e3o \u201cpoder\u00e1 presidir ou administrar qualquer Sacramento ou Sacramental, impedido de celebrar ou concelebrar a Eucaristia, com a presen\u00e7a de f\u00e9is crist\u00e3os, a n\u00e3o ser que lhe faculta o Direito, ou seja, atendimento de fi\u00e9is que encontram em perigo de morte\u201d. <\/font><font size=\"3\" face=\"Arial\">A Pol\u00edcia Civil est\u00e1 investigando uma tentativa de extors\u00e3o sofrida pelo padre. O homem que aparece nas fotos ao lado do sacerdote teria exigido dinheiro para n\u00e3o divulgar os registros.<\/font><\/p>\n<p align=\"justify\"><font size=\"3\" face=\"Arial\">Uma coletiva de imprensa ser\u00e1 realizada na sede do Grupo de Opera\u00e7\u00f5es Especiais (GOE), no Recife. <\/font><font size=\"3\" face=\"Arial\">Fonte NE10 &#8211; <\/font><font size=\"3\" face=\"Arial\">Foto: N\u00facleo Sistema Jornal do Comercio&nbsp; \/Caruaru.<\/font><\/p>\n<div style=\"margin-top: 0px; margin-bottom: 0px;\" class=\"sharethis-inline-share-buttons\" ><\/div>","protected":false},"excerpt":{"rendered":"<p>A Diocese de Pesqueira, no Agreste de Pernambuco, afastou o padre Severino \u00c9zio de Melo por causa da divulga\u00e7\u00e3o de fotografias \u201ccomprometedoras da moral em redes sociais&#8221;. Nas fotos, o sacerdote aparece segurando uma ta\u00e7a de bebida ao lado de um homem. Os dois est\u00e3o sem camisa. Em comunicado divulgado no site da institui\u00e7\u00e3o, a [&hellip;]<\/p>\n","protected":false},"author":1,"featured_media":0,"comment_status":"open","ping_status":"open","sticky":false,"template":"","format":"standard","meta":{"footnotes":""},"categories":[2],"tags":[],"class_list":["post-1825","post","type-post","status-publish","format-standard","hentry","category-noticias-do-dia"],"_links":{"self":[{"href":"https:\/\/www.saloanoticias.com\/v1\/wp-json\/wp\/v2\/posts\/1825","targetHints":{"allow":["GET"]}}],"collection":[{"href":"https:\/\/www.saloanoticias.com\/v1\/wp-json\/wp\/v2\/posts"}],"about":[{"href":"https:\/\/www.saloanoticias.com\/v1\/wp-json\/wp\/v2\/types\/post"}],"author":[{"embeddable":true,"href":"https:\/\/www.saloanoticias.com\/v1\/wp-json\/wp\/v2\/users\/1"}],"replies":[{"embeddable":true,"href":"https:\/\/www.saloanoticias.com\/v1\/wp-json\/wp\/v2\/comments?post=1825"}],"version-history":[{"count":0,"href":"https:\/\/www.saloanoticias.com\/v1\/wp-json\/wp\/v2\/posts\/1825\/revisions"}],"wp:attachment":[{"href":"https:\/\/www.saloanoticias.com\/v1\/wp-json\/wp\/v2\/media?parent=1825"}],"wp:term":[{"taxonomy":"category","embeddable":true,"href":"https:\/\/www.saloanoticias.com\/v1\/wp-json\/wp\/v2\/categories?post=1825"},{"taxonomy":"post_tag","embeddable":true,"href":"https:\/\/www.saloanoticias.com\/v1\/wp-json\/wp\/v2\/tags?post=1825"}],"curies":[{"name":"wp","href":"https:\/\/api.w.org\/{rel}","templated":true}]}}