{"id":1824,"date":"2015-05-19T15:59:43","date_gmt":"2015-05-19T15:59:43","guid":{"rendered":"https:\/\/saloanoticias.mrmediaweb.com\/v1\/2015\/05\/19\/prefeitura-leva-agua-para-o-sitio-laguinha\/"},"modified":"2015-05-19T15:59:43","modified_gmt":"2015-05-19T15:59:43","slug":"prefeitura-leva-agua-para-o-sitio-laguinha","status":"publish","type":"post","link":"https:\/\/www.saloanoticias.com\/v1\/prefeitura-leva-agua-para-o-sitio-laguinha\/","title":{"rendered":"PREFEITURA DE SALO\u00c1\/PE LEVA \u00c1GUA PARA O S\u00cdTIO LAGUINHA NA ZONA RURAL"},"content":{"rendered":"<p align=\"justify\"><font size=\"3\" face=\"Arial\"><a href=\"http:\/\/www.saloanoticias.com\/images\/salo-notcias-10_c5e004f7298a4b7aaf9aec366d11285e.jpg\"><img loading=\"lazy\" decoding=\"async\" title=\"Salo&aacute; Not&iacute;cias 10\" style=\"border-top: 0px; border-right: 0px; background-image: none; border-bottom: 0px; float: none; padding-top: 0px; padding-left: 0px; margin: 0px auto 10px; border-left: 0px; display: block; padding-right: 0px\" border=\"0\" alt=\"Salo&aacute; Not&iacute;cias 10\" src=\"http:\/\/www.saloanoticias.com\/v1\/wp-content\/uploads\/imagens\/salo-notcias-10_thumb_261c49930e567afdad980276979fdfe3.jpg\" width=\"398\" height=\"438\"><\/a>Mais uma comunidade na zona rural de Salo\u00e1 foi contemplada com uma rede de abastecimento de \u00e1gua. Desta vez foi o s\u00edtio Laguinha. Segundo as informa\u00e7\u00f5es repassadas por assessores da administra\u00e7\u00e3o a adutora foi feita com recursos pr\u00f3prios e deve beneficiar mais de 30 fam\u00edlias diretamente naquela comunidade. O problema de abastecimento d\u2019\u00e1gua vem se alastrando em todas as cidades do Brasil e principalmente no nordeste, ode a seca \u00e9 acentuada, mas, o prefeito de Salo\u00e1 tem se desdobrado para minimizar a situa\u00e7\u00e3o.<\/font><\/p>\n<p align=\"justify\"><a href=\"http:\/\/www.saloanoticias.com\/images\/salo-notcias_87f6169c922abcc259aa64622c165ea0.jpg\"><img loading=\"lazy\" decoding=\"async\" title=\"Salo&aacute; Not&iacute;cias\" style=\"border-top: 0px; border-right: 0px; background-image: none; border-bottom: 0px; float: none; padding-top: 0px; padding-left: 0px; margin: 10px auto; border-left: 0px; display: block; padding-right: 0px\" border=\"0\" alt=\"Salo&aacute; Not&iacute;cias\" src=\"http:\/\/www.saloanoticias.com\/v1\/wp-content\/uploads\/imagens\/salo-notcias_thumb_8c4b5d51d10aa1155f6a24a9db28b5ac.jpg\" width=\"397\" height=\"456\"><\/a><\/p>\n<p align=\"justify\"><font size=\"3\" face=\"Arial\">A \u00e1gua que ir\u00e1 para as torneiras da popula\u00e7\u00e3o da Laguinha sair\u00e1 das fontes naturais das Guaribas, regi\u00e3o bastante conhecida por possuir um profundo len\u00e7ol fre\u00e1tico. Com mais esta a\u00e7\u00e3o, o governo Ricardo Alves j\u00e1 desponta como o que mais levou \u00e1gua para as comunidades da zona rural. Existe ainda a grande expectativa por parte da popula\u00e7\u00e3o sobre a quest\u00e3o do abastecimento na sede do munic\u00edpio, e segundo se comenta nos corredores da prefeitura, o gestor est\u00e1 em constante conversa com dirigentes da Compesa e do governo do estado para resolu\u00e7\u00e3o do problema nos pr\u00f3ximos dias.<\/font><\/p>\n<p align=\"justify\"><font size=\"3\" face=\"Arial\">Como se observa nas fotos, as m\u00e1quinas cortaram as terras e os trabalhadores bra\u00e7ais implantaram os canos que j\u00e1 est\u00e3o levando o l\u00edquido precioso para quem lhe \u00e9 de direito, ou seja, o povo. Ainda segundo a nossa fonte, mais a\u00e7\u00f5es importantes ser\u00e3o anunciadas nos pr\u00f3ximos dias pela gest\u00e3o que trar\u00e3o mais benef\u00edcios para todos os saloaenses.<\/font><\/p>\n<div style=\"margin-top: 0px; margin-bottom: 0px;\" class=\"sharethis-inline-share-buttons\" ><\/div>","protected":false},"excerpt":{"rendered":"<p>Mais uma comunidade na zona rural de Salo\u00e1 foi contemplada com uma rede de abastecimento de \u00e1gua. Desta vez foi o s\u00edtio Laguinha. Segundo as informa\u00e7\u00f5es repassadas por assessores da administra\u00e7\u00e3o a adutora foi feita com recursos pr\u00f3prios e deve beneficiar mais de 30 fam\u00edlias diretamente naquela comunidade. O problema de abastecimento d\u2019\u00e1gua vem se [&hellip;]<\/p>\n","protected":false},"author":1,"featured_media":0,"comment_status":"open","ping_status":"open","sticky":false,"template":"","format":"standard","meta":{"footnotes":""},"categories":[2],"tags":[],"class_list":["post-1824","post","type-post","status-publish","format-standard","hentry","category-noticias-do-dia"],"_links":{"self":[{"href":"https:\/\/www.saloanoticias.com\/v1\/wp-json\/wp\/v2\/posts\/1824","targetHints":{"allow":["GET"]}}],"collection":[{"href":"https:\/\/www.saloanoticias.com\/v1\/wp-json\/wp\/v2\/posts"}],"about":[{"href":"https:\/\/www.saloanoticias.com\/v1\/wp-json\/wp\/v2\/types\/post"}],"author":[{"embeddable":true,"href":"https:\/\/www.saloanoticias.com\/v1\/wp-json\/wp\/v2\/users\/1"}],"replies":[{"embeddable":true,"href":"https:\/\/www.saloanoticias.com\/v1\/wp-json\/wp\/v2\/comments?post=1824"}],"version-history":[{"count":0,"href":"https:\/\/www.saloanoticias.com\/v1\/wp-json\/wp\/v2\/posts\/1824\/revisions"}],"wp:attachment":[{"href":"https:\/\/www.saloanoticias.com\/v1\/wp-json\/wp\/v2\/media?parent=1824"}],"wp:term":[{"taxonomy":"category","embeddable":true,"href":"https:\/\/www.saloanoticias.com\/v1\/wp-json\/wp\/v2\/categories?post=1824"},{"taxonomy":"post_tag","embeddable":true,"href":"https:\/\/www.saloanoticias.com\/v1\/wp-json\/wp\/v2\/tags?post=1824"}],"curies":[{"name":"wp","href":"https:\/\/api.w.org\/{rel}","templated":true}]}}